{"id":2152,"date":"2024-01-28T11:31:54","date_gmt":"2024-01-28T11:31:54","guid":{"rendered":"https:\/\/www.zlati.legal\/?p=2152"},"modified":"2025-12-19T18:39:25","modified_gmt":"2025-12-19T18:39:25","slug":"george-zlati-speaker-conferinta-investigatii-social-media","status":"publish","type":"post","link":"https:\/\/zic.legal\/ro\/george-zlati-speaker-conferinta-investigatii-social-media\/","title":{"rendered":"George Zlati este speaker la o conferin\u021b\u0103 interna\u021bional\u0103 referitoare la investiga\u021biile efectuate pe social media"},"content":{"rendered":"<p>\u00cen data de 12-13 martie,\u00a0<a href=\"https:\/\/zic.legal\/ro\/about\/\" target=\"_blank\" rel=\"noopener\"><strong>George Zlati<\/strong><\/a>\u00a0este speaker la conferin\u021b\u0103 organizat\u0103 de\u00a0<strong>European Law Academy<\/strong>\u00a0(<a href=\"https:\/\/www.era.int\/\" target=\"_blank\" rel=\"noopener\">ERA<\/a>) pe tema\u00a0<em><a href=\"https:\/\/www.era.int\/upload\/dokumente\/25615.pdf\" target=\"_blank\" rel=\"noopener\">Social networks investigations: from \u201elikes\u201d to \u201eevidence\u201d<\/a>.\u00a0<\/em>Publicul \u021bint\u0103 sunt judec\u0103tori, procurori \u0219i avoca\u021bi din europa.<\/p>\n<p><strong>Printre ceilal\u021bi speakeri la aceast\u0103 conferin\u021b\u0103 se reg\u0103sesc urm\u0103torii<\/strong>:<\/p>\n<ol>\n<li>Linda Bertram, Public Prosecutor, Cybercrime Centre, Prosecutor General\u2019s Office, Frankfurt<\/li>\n<li>Laviero Buono, Head of Section, European Criminal Law, ERA, Trier<\/li>\n<li>Timothy De Groot, Police Officer, Brussels<\/li>\n<li>Damir Kahved\u017ei\u0107, Solutions Advisor and Operations Manager, ProSearch, Dublin<\/li>\n<li>Emmanuelle Legrand, Magistrate, AI Project Manager,\u00a0 Ministry of Economy, Finance, Industrial and Digital Sovereignty, Paris<\/li>\n<li>Bilal Sen, Corporate Investigations and Cybercrime Advisor,\u00a0 Coninsec, Cologne<\/li>\n<li>Catherine Van de Heyning, Professor, European Fundamental Rights, University of Antwerp; Public Prosecutor, Prosecutor\u2019s Office, Antwerp<\/li>\n<li>Marc van der Ham, Senior Legal Advisor, High Tech Investigations, Dutch Public Prosecution Service<\/li>\n<\/ol>\n<p><strong>George Zlati a mai fost \u00een trecut speaker pentru European Law Academy, pe urm\u0103toarele teme <\/strong>(vezi o list\u0103 <a href=\"https:\/\/zic.legal\/ro\/about\/#conferinte\" target=\"_blank\" rel=\"noopener\">aici<\/a>):<\/p>\n<ol>\n<li>The complexity of intelligence-led fraud prevention from the perspective of the defence (Bucure\u0219ti, 23-24 octombrie) &#8211; vezi <a href=\"https:\/\/www.era.int\/upload\/dokumente\/25578.pdf\" target=\"_blank\" rel=\"noopener\">aici<\/a><\/li>\n<li>Criminal law &amp; crypto: the fundamentals (ERA, Belgrad, 18-19 septembrie 2023) &#8211; vezi <a href=\"https:\/\/akbgd.org.rs\/wp-content\/uploads\/2023\/08\/323DV158-Computer-Forensics-Belgrade-_-EN.pdf\" target=\"_blank\" rel=\"noopener\">aici<\/a><\/li>\n<li>Artificial Intelligence (AI) in criminal law: present and future controversies (Belgrad, 18-19 septembrie 2023) &#8211; vezi <a href=\"https:\/\/akbgd.org.rs\/wp-content\/uploads\/2023\/08\/323DV158-Computer-Forensics-Belgrade-_-EN.pdf\" target=\"_blank\" rel=\"noopener\">aici<\/a><\/li>\n<li>Procedural challenges posed by AI and machine evidence in criminal justice systems: a view from the defence (Barcelona, 14-15 iunie 2023) &#8211; vezi <a href=\"https:\/\/www.era.int\/upload\/dokumente\/25298.pdf\" target=\"_blank\" rel=\"noopener\">aici<\/a><\/li>\n<li>Obtaining e-evidence when investigating and prosecuting crimes (Vilnius, 14-15 iunie 2022)<\/li>\n<\/ol>\n<p><a href=\"https:\/\/zic.legal\/ro\/about\/\" target=\"_blank\" rel=\"noopener\">George Zlati\u00a0<\/a>este avocat \u0219i lector universitar. Acesta este titular al disciplinei\u00a0<em>Criminalitate informatic\u0103\u00a0<\/em>la nivel de masterat, av\u00e2nd de asemenea un doctorat pe criminalitate informatic\u0103. Specializarea acestuia este criminalitatea informatic\u0103 \u0219i tehnologia blockchain.<\/p>","protected":false},"excerpt":{"rendered":"<p>\u00cen data de 12-13 martie,\u00a0George Zlati\u00a0este speaker la conferin\u021b\u0103 organizat\u0103 de\u00a0European Law Academy\u00a0(ERA) pe tema\u00a0Social networks investigations: from \u201elikes\u201d to \u201eevidence\u201d.\u00a0Publicul \u021bint\u0103 sunt judec\u0103tori, procurori \u0219i avoca\u021bi din europa. Printre ceilal\u021bi speakeri la aceast\u0103 conferin\u021b\u0103 se reg\u0103sesc urm\u0103torii: Linda Bertram, Public Prosecutor, Cybercrime Centre, Prosecutor General\u2019s Office, Frankfurt Laviero Buono, Head of  [&#8230;]<\/p>","protected":false},"author":2,"featured_media":3944,"comment_status":"open","ping_status":"open","sticky":false,"template":"","format":"standard","meta":{"_acf_changed":false,"_jetpack_memberships_contains_paid_content":false,"footnotes":""},"categories":[2],"tags":[],"class_list":["post-2152","post","type-post","status-publish","format-standard","has-post-thumbnail","hentry","category-diverse"],"acf":[],"yoast_head":"<!-- This site is optimized with the Yoast SEO plugin v26.8 - https:\/\/yoast.com\/product\/yoast-seo-wordpress\/ -->\n<title>George Zlati este speaker la o conferin\u021b\u0103 interna\u021bional\u0103 referitoare la investiga\u021biile efectuate pe social media<\/title>\n<meta name=\"description\" content=\"George Zlati\u00a0este speaker la conferin\u021b\u0103 organizat\u0103 de\u00a0European Law Academy\u00a0(ERA) pe tema\u00a0Social networks investigations.\" \/>\n<meta name=\"robots\" content=\"index, follow, max-snippet:-1, max-image-preview:large, max-video-preview:-1\" \/>\n<link rel=\"canonical\" href=\"https:\/\/zic.legal\/ro\/george-zlati-speaker-conferinta-investigatii-social-media\/\" \/>\n<meta property=\"og:locale\" content=\"ro_RO\" \/>\n<meta property=\"og:type\" content=\"article\" \/>\n<meta property=\"og:title\" content=\"George Zlati este speaker la o conferin\u021b\u0103 interna\u021bional\u0103 referitoare la investiga\u021biile efectuate pe social media\" \/>\n<meta property=\"og:description\" content=\"George Zlati\u00a0este speaker la conferin\u021b\u0103 organizat\u0103 de\u00a0European Law Academy\u00a0(ERA) pe tema\u00a0Social networks investigations.\" \/>\n<meta property=\"og:url\" content=\"https:\/\/zic.legal\/ro\/george-zlati-speaker-conferinta-investigatii-social-media\/\" \/>\n<meta property=\"og:site_name\" content=\"ZIC Legal\" \/>\n<meta property=\"article:publisher\" content=\"https:\/\/www.facebook.com\/profile.php?id=61573624655319\" \/>\n<meta property=\"article:published_time\" content=\"2024-01-28T11:31:54+00:00\" \/>\n<meta property=\"article:modified_time\" content=\"2025-12-19T18:39:25+00:00\" \/>\n<meta property=\"og:image\" content=\"https:\/\/zic.legal\/wp-content\/uploads\/2025\/04\/conference2.webp\" \/>\n\t<meta property=\"og:image:width\" content=\"1536\" \/>\n\t<meta property=\"og:image:height\" content=\"1024\" \/>\n\t<meta property=\"og:image:type\" content=\"image\/webp\" \/>\n<meta name=\"author\" content=\"George Zlati\" \/>\n<meta name=\"twitter:card\" content=\"summary_large_image\" \/>\n<meta name=\"twitter:label1\" content=\"Scris de\" \/>\n\t<meta name=\"twitter:data1\" content=\"George Zlati\" \/>\n\t<meta name=\"twitter:label2\" content=\"Timp estimat pentru citire\" \/>\n\t<meta name=\"twitter:data2\" content=\"2 minute\" \/>\n<script type=\"application\/ld+json\" class=\"yoast-schema-graph\">{\"@context\":\"https:\/\/schema.org\",\"@graph\":[{\"@type\":\"Article\",\"@id\":\"https:\/\/zic.legal\/george-zlati-speaker-conferinta-investigatii-social-media\/#article\",\"isPartOf\":{\"@id\":\"https:\/\/zic.legal\/george-zlati-speaker-conferinta-investigatii-social-media\/\"},\"author\":{\"name\":\"George Zlati\",\"@id\":\"https:\/\/zic.legal\/#\/schema\/person\/cffc51a7df5926dd9954aeb3bbbcc303\"},\"headline\":\"George Zlati este speaker la o conferin\u021b\u0103 interna\u021bional\u0103 referitoare la investiga\u021biile efectuate pe social media\",\"datePublished\":\"2024-01-28T11:31:54+00:00\",\"dateModified\":\"2025-12-19T18:39:25+00:00\",\"mainEntityOfPage\":{\"@id\":\"https:\/\/zic.legal\/george-zlati-speaker-conferinta-investigatii-social-media\/\"},\"wordCount\":294,\"commentCount\":0,\"publisher\":{\"@id\":\"https:\/\/zic.legal\/#organization\"},\"image\":{\"@id\":\"https:\/\/zic.legal\/george-zlati-speaker-conferinta-investigatii-social-media\/#primaryimage\"},\"thumbnailUrl\":\"https:\/\/zic.legal\/wp-content\/uploads\/2025\/04\/conference2.webp\",\"articleSection\":[\"Diverse\"],\"inLanguage\":\"ro-RO\",\"potentialAction\":[{\"@type\":\"CommentAction\",\"name\":\"Comment\",\"target\":[\"https:\/\/zic.legal\/george-zlati-speaker-conferinta-investigatii-social-media\/#respond\"]}]},{\"@type\":\"WebPage\",\"@id\":\"https:\/\/zic.legal\/george-zlati-speaker-conferinta-investigatii-social-media\/\",\"url\":\"https:\/\/zic.legal\/george-zlati-speaker-conferinta-investigatii-social-media\/\",\"name\":\"George Zlati este speaker la o conferin\u021b\u0103 interna\u021bional\u0103 referitoare la investiga\u021biile efectuate pe social media\",\"isPartOf\":{\"@id\":\"https:\/\/zic.legal\/#website\"},\"primaryImageOfPage\":{\"@id\":\"https:\/\/zic.legal\/george-zlati-speaker-conferinta-investigatii-social-media\/#primaryimage\"},\"image\":{\"@id\":\"https:\/\/zic.legal\/george-zlati-speaker-conferinta-investigatii-social-media\/#primaryimage\"},\"thumbnailUrl\":\"https:\/\/zic.legal\/wp-content\/uploads\/2025\/04\/conference2.webp\",\"datePublished\":\"2024-01-28T11:31:54+00:00\",\"dateModified\":\"2025-12-19T18:39:25+00:00\",\"description\":\"George Zlati\u00a0este speaker la conferin\u021b\u0103 organizat\u0103 de\u00a0European Law Academy\u00a0(ERA) pe tema\u00a0Social networks investigations.\",\"breadcrumb\":{\"@id\":\"https:\/\/zic.legal\/george-zlati-speaker-conferinta-investigatii-social-media\/#breadcrumb\"},\"inLanguage\":\"ro-RO\",\"potentialAction\":[{\"@type\":\"ReadAction\",\"target\":[\"https:\/\/zic.legal\/george-zlati-speaker-conferinta-investigatii-social-media\/\"]}]},{\"@type\":\"ImageObject\",\"inLanguage\":\"ro-RO\",\"@id\":\"https:\/\/zic.legal\/george-zlati-speaker-conferinta-investigatii-social-media\/#primaryimage\",\"url\":\"https:\/\/zic.legal\/wp-content\/uploads\/2025\/04\/conference2.webp\",\"contentUrl\":\"https:\/\/zic.legal\/wp-content\/uploads\/2025\/04\/conference2.webp\",\"width\":1536,\"height\":1024},{\"@type\":\"BreadcrumbList\",\"@id\":\"https:\/\/zic.legal\/george-zlati-speaker-conferinta-investigatii-social-media\/#breadcrumb\",\"itemListElement\":[{\"@type\":\"ListItem\",\"position\":1,\"name\":\"Home\",\"item\":\"https:\/\/zic.legal\/\"},{\"@type\":\"ListItem\",\"position\":2,\"name\":\"George Zlati este speaker la o conferin\u021b\u0103 interna\u021bional\u0103 referitoare la investiga\u021biile efectuate pe social media\"}]},{\"@type\":\"WebSite\",\"@id\":\"https:\/\/zic.legal\/#website\",\"url\":\"https:\/\/zic.legal\/\",\"name\":\"Zlati Ionescu Chiperi SCA\",\"description\":\"Not another brick in the law\",\"publisher\":{\"@id\":\"https:\/\/zic.legal\/#organization\"},\"alternateName\":\"Zlati Ionescu Chiperi - SCA\",\"potentialAction\":[{\"@type\":\"SearchAction\",\"target\":{\"@type\":\"EntryPoint\",\"urlTemplate\":\"https:\/\/zic.legal\/?s={search_term_string}\"},\"query-input\":{\"@type\":\"PropertyValueSpecification\",\"valueRequired\":true,\"valueName\":\"search_term_string\"}}],\"inLanguage\":\"ro-RO\"},{\"@type\":\"Organization\",\"@id\":\"https:\/\/zic.legal\/#organization\",\"name\":\"Zlati Ionescu Chiperi SCA\",\"url\":\"https:\/\/zic.legal\/\",\"logo\":{\"@type\":\"ImageObject\",\"inLanguage\":\"ro-RO\",\"@id\":\"https:\/\/zic.legal\/#\/schema\/logo\/image\/\",\"url\":\"https:\/\/zic.legal\/wp-content\/uploads\/2025\/02\/Logo-Color-RGB@0.5x.png\",\"contentUrl\":\"https:\/\/zic.legal\/wp-content\/uploads\/2025\/02\/Logo-Color-RGB@0.5x.png\",\"width\":306,\"height\":306,\"caption\":\"Zlati Ionescu Chiperi SCA\"},\"image\":{\"@id\":\"https:\/\/zic.legal\/#\/schema\/logo\/image\/\"},\"sameAs\":[\"https:\/\/www.facebook.com\/profile.php?id=61573624655319\",\"https:\/\/www.linkedin.com\/company\/zic-legal\/\"]},{\"@type\":\"Person\",\"@id\":\"https:\/\/zic.legal\/#\/schema\/person\/cffc51a7df5926dd9954aeb3bbbcc303\",\"name\":\"George Zlati\",\"url\":\"https:\/\/zic.legal\/ro\/author\/zlatigeorge\/\"}]}<\/script>\n<!-- \/ Yoast SEO plugin. -->","yoast_head_json":{"title":"George Zlati este speaker la o conferin\u021b\u0103 interna\u021bional\u0103 referitoare la investiga\u021biile efectuate pe social media","description":"George Zlati\u00a0este speaker la conferin\u021b\u0103 organizat\u0103 de\u00a0European Law Academy\u00a0(ERA) pe tema\u00a0Social networks investigations.","robots":{"index":"index","follow":"follow","max-snippet":"max-snippet:-1","max-image-preview":"max-image-preview:large","max-video-preview":"max-video-preview:-1"},"canonical":"https:\/\/zic.legal\/ro\/george-zlati-speaker-conferinta-investigatii-social-media\/","og_locale":"ro_RO","og_type":"article","og_title":"George Zlati este speaker la o conferin\u021b\u0103 interna\u021bional\u0103 referitoare la investiga\u021biile efectuate pe social media","og_description":"George Zlati\u00a0este speaker la conferin\u021b\u0103 organizat\u0103 de\u00a0European Law Academy\u00a0(ERA) pe tema\u00a0Social networks investigations.","og_url":"https:\/\/zic.legal\/ro\/george-zlati-speaker-conferinta-investigatii-social-media\/","og_site_name":"ZIC Legal","article_publisher":"https:\/\/www.facebook.com\/profile.php?id=61573624655319","article_published_time":"2024-01-28T11:31:54+00:00","article_modified_time":"2025-12-19T18:39:25+00:00","og_image":[{"width":1536,"height":1024,"url":"https:\/\/zic.legal\/wp-content\/uploads\/2025\/04\/conference2.webp","type":"image\/webp"}],"author":"George Zlati","twitter_card":"summary_large_image","twitter_misc":{"Scris de":"George Zlati","Timp estimat pentru citire":"2 minute"},"schema":{"@context":"https:\/\/schema.org","@graph":[{"@type":"Article","@id":"https:\/\/zic.legal\/george-zlati-speaker-conferinta-investigatii-social-media\/#article","isPartOf":{"@id":"https:\/\/zic.legal\/george-zlati-speaker-conferinta-investigatii-social-media\/"},"author":{"name":"George Zlati","@id":"https:\/\/zic.legal\/#\/schema\/person\/cffc51a7df5926dd9954aeb3bbbcc303"},"headline":"George Zlati este speaker la o conferin\u021b\u0103 interna\u021bional\u0103 referitoare la investiga\u021biile efectuate pe social media","datePublished":"2024-01-28T11:31:54+00:00","dateModified":"2025-12-19T18:39:25+00:00","mainEntityOfPage":{"@id":"https:\/\/zic.legal\/george-zlati-speaker-conferinta-investigatii-social-media\/"},"wordCount":294,"commentCount":0,"publisher":{"@id":"https:\/\/zic.legal\/#organization"},"image":{"@id":"https:\/\/zic.legal\/george-zlati-speaker-conferinta-investigatii-social-media\/#primaryimage"},"thumbnailUrl":"https:\/\/zic.legal\/wp-content\/uploads\/2025\/04\/conference2.webp","articleSection":["Diverse"],"inLanguage":"ro-RO","potentialAction":[{"@type":"CommentAction","name":"Comment","target":["https:\/\/zic.legal\/george-zlati-speaker-conferinta-investigatii-social-media\/#respond"]}]},{"@type":"WebPage","@id":"https:\/\/zic.legal\/george-zlati-speaker-conferinta-investigatii-social-media\/","url":"https:\/\/zic.legal\/george-zlati-speaker-conferinta-investigatii-social-media\/","name":"George Zlati este speaker la o conferin\u021b\u0103 interna\u021bional\u0103 referitoare la investiga\u021biile efectuate pe social media","isPartOf":{"@id":"https:\/\/zic.legal\/#website"},"primaryImageOfPage":{"@id":"https:\/\/zic.legal\/george-zlati-speaker-conferinta-investigatii-social-media\/#primaryimage"},"image":{"@id":"https:\/\/zic.legal\/george-zlati-speaker-conferinta-investigatii-social-media\/#primaryimage"},"thumbnailUrl":"https:\/\/zic.legal\/wp-content\/uploads\/2025\/04\/conference2.webp","datePublished":"2024-01-28T11:31:54+00:00","dateModified":"2025-12-19T18:39:25+00:00","description":"George Zlati\u00a0este speaker la conferin\u021b\u0103 organizat\u0103 de\u00a0European Law Academy\u00a0(ERA) pe tema\u00a0Social networks investigations.","breadcrumb":{"@id":"https:\/\/zic.legal\/george-zlati-speaker-conferinta-investigatii-social-media\/#breadcrumb"},"inLanguage":"ro-RO","potentialAction":[{"@type":"ReadAction","target":["https:\/\/zic.legal\/george-zlati-speaker-conferinta-investigatii-social-media\/"]}]},{"@type":"ImageObject","inLanguage":"ro-RO","@id":"https:\/\/zic.legal\/george-zlati-speaker-conferinta-investigatii-social-media\/#primaryimage","url":"https:\/\/zic.legal\/wp-content\/uploads\/2025\/04\/conference2.webp","contentUrl":"https:\/\/zic.legal\/wp-content\/uploads\/2025\/04\/conference2.webp","width":1536,"height":1024},{"@type":"BreadcrumbList","@id":"https:\/\/zic.legal\/george-zlati-speaker-conferinta-investigatii-social-media\/#breadcrumb","itemListElement":[{"@type":"ListItem","position":1,"name":"Home","item":"https:\/\/zic.legal\/"},{"@type":"ListItem","position":2,"name":"George Zlati este speaker la o conferin\u021b\u0103 interna\u021bional\u0103 referitoare la investiga\u021biile efectuate pe social media"}]},{"@type":"WebSite","@id":"https:\/\/zic.legal\/#website","url":"https:\/\/zic.legal\/","name":"Zlati Ionescu Chiperi SCA","description":"Not another brick in the law","publisher":{"@id":"https:\/\/zic.legal\/#organization"},"alternateName":"Zlati Ionescu Chiperi - SCA","potentialAction":[{"@type":"SearchAction","target":{"@type":"EntryPoint","urlTemplate":"https:\/\/zic.legal\/?s={search_term_string}"},"query-input":{"@type":"PropertyValueSpecification","valueRequired":true,"valueName":"search_term_string"}}],"inLanguage":"ro-RO"},{"@type":"Organization","@id":"https:\/\/zic.legal\/#organization","name":"Zlati Ionescu Chiperi SCA","url":"https:\/\/zic.legal\/","logo":{"@type":"ImageObject","inLanguage":"ro-RO","@id":"https:\/\/zic.legal\/#\/schema\/logo\/image\/","url":"https:\/\/zic.legal\/wp-content\/uploads\/2025\/02\/Logo-Color-RGB@0.5x.png","contentUrl":"https:\/\/zic.legal\/wp-content\/uploads\/2025\/02\/Logo-Color-RGB@0.5x.png","width":306,"height":306,"caption":"Zlati Ionescu Chiperi SCA"},"image":{"@id":"https:\/\/zic.legal\/#\/schema\/logo\/image\/"},"sameAs":["https:\/\/www.facebook.com\/profile.php?id=61573624655319","https:\/\/www.linkedin.com\/company\/zic-legal\/"]},{"@type":"Person","@id":"https:\/\/zic.legal\/#\/schema\/person\/cffc51a7df5926dd9954aeb3bbbcc303","name":"George Zlati","url":"https:\/\/zic.legal\/ro\/author\/zlatigeorge\/"}]}},"jetpack_featured_media_url":"https:\/\/zic.legal\/wp-content\/uploads\/2025\/04\/conference2.webp","jetpack_sharing_enabled":true,"_links":{"self":[{"href":"https:\/\/zic.legal\/ro\/wp-json\/wp\/v2\/posts\/2152","targetHints":{"allow":["GET"]}}],"collection":[{"href":"https:\/\/zic.legal\/ro\/wp-json\/wp\/v2\/posts"}],"about":[{"href":"https:\/\/zic.legal\/ro\/wp-json\/wp\/v2\/types\/post"}],"author":[{"embeddable":true,"href":"https:\/\/zic.legal\/ro\/wp-json\/wp\/v2\/users\/2"}],"replies":[{"embeddable":true,"href":"https:\/\/zic.legal\/ro\/wp-json\/wp\/v2\/comments?post=2152"}],"version-history":[{"count":1,"href":"https:\/\/zic.legal\/ro\/wp-json\/wp\/v2\/posts\/2152\/revisions"}],"predecessor-version":[{"id":3946,"href":"https:\/\/zic.legal\/ro\/wp-json\/wp\/v2\/posts\/2152\/revisions\/3946"}],"wp:featuredmedia":[{"embeddable":true,"href":"https:\/\/zic.legal\/ro\/wp-json\/wp\/v2\/media\/3944"}],"wp:attachment":[{"href":"https:\/\/zic.legal\/ro\/wp-json\/wp\/v2\/media?parent=2152"}],"wp:term":[{"taxonomy":"category","embeddable":true,"href":"https:\/\/zic.legal\/ro\/wp-json\/wp\/v2\/categories?post=2152"},{"taxonomy":"post_tag","embeddable":true,"href":"https:\/\/zic.legal\/ro\/wp-json\/wp\/v2\/tags?post=2152"}],"curies":[{"name":"wp","href":"https:\/\/api.w.org\/{rel}","templated":true}]}}