{"id":3826,"date":"2025-07-14T10:00:08","date_gmt":"2025-07-14T10:00:08","guid":{"rendered":"https:\/\/zic.legal\/?p=3826"},"modified":"2025-12-28T12:21:44","modified_gmt":"2025-12-28T12:21:44","slug":"legea-anti-fugari-7-zile-sa-te-predai","status":"publish","type":"post","link":"https:\/\/zic.legal\/ro\/legea-anti-fugari-7-zile-sa-te-predai\/","title":{"rendered":"Legea anti-fugari &#8211; 7 zile s\u0103 te predai"},"content":{"rendered":"<p data-pm-slice=\"1 1 []\">Rom\u00e2nia s-a confruntat \u00een ultimii ani cu un fenomen juridic alarmant care a determinat adoptarea <a href=\"https:\/\/legislatie.just.ro\/public\/DetaliiDocument\/295598\">Legii nr. 19\/2025<\/a>, cunoscut\u0103 \u00een spa\u021biul public sub denumirea \u201eLegea anti-fugari\u201d. Un num\u0103r tot mai mare de persoane condamnate definitiv au ales s\u0103 p\u0103r\u0103seasc\u0103 \u021bara pentru a evita executarea pedepselor cu \u00eenchisoarea. Aceast\u0103 tendin\u021b\u0103, amplificat\u0103 de cazuri extrem de mediatizate \u00een care figuri publice au preferat s\u0103 se refugieze \u00een str\u0103in\u0103tate, a impus o <a href=\"https:\/\/www.cdep.ro\/proiecte\/2023\/600\/70\/5\/em777.pdf\">reac\u021bie ferm\u0103<\/a> din partea autorit\u0103\u021bilor.<\/p>\n<h2>1. Legea anti-fugari \u0219i c\u00e2nd a intrat \u00een vigoare<\/h2>\n<p><a href=\"https:\/\/legislatie.just.ro\/public\/DetaliiDocument\/295598\"><strong>Legea nr. 19\/2025<\/strong><\/a>, popular numit\u0103 &#8220;Legea anti-fugari&#8221; sau &#8220;Legea fugarilor&#8221;, reprezint\u0103 una dintre cele mai importante modific\u0103ri legislative din domeniul dreptului penal adoptate \u00een Rom\u00e2nia \u00een ultimii ani. Aceast\u0103 lege a fost conceput\u0103 pentru a combate fenomenul condamna\u021bilor care se sustrag de la executarea pedepselor privative de libertate.<\/p>\n<p><strong>Data intr\u0103rii \u00een vigoare<\/strong> este <strong>17 martie 2025<\/strong>, dup\u0103 ce legea a fost promulgat\u0103 pe 14 martie 2025.<\/p>\n<p>Prin intermediul acestei Legi au fost ad\u0103ugate \u00een con\u021binutul art. 285 din <a href=\"https:\/\/legislatie.just.ro\/Public\/DetaliiDocument\/298666\">Codul Penal<\/a> urm\u0103toarele men\u021biuni:<\/p>\n<ul>\n<li><strong>Alin. (3<sup>1<\/sup>) &#8211; Se consider\u0103 evadare \u015fi fapta persoanei condamnate la pedeapsa deten\u0163iunii pe via\u0163\u0103 sau la pedeapsa \u00eenchisorii de a nu se prezenta la organul de poli\u0163ie \u00een vederea punerii \u00een executare a mandatului de executare a pedepsei \u00een termen de 7 zile de la data la care a r\u0103mas definitiv\u0103 hot\u0103r\u00e2rea prin care s-a dispus executarea pedepsei.<\/strong><\/li>\n<li><strong>Alin. (4) &#8211;\u00a0<\/strong>\u00cen situa\u0163iile prev\u0103zute la alin. (1), (2), alin. (3) lit. a) \u015fi b) \u015fi <strong>alin. (3<sup>1<\/sup>)<\/strong>, pedeapsa aplicat\u0103 pentru infrac\u0163iunea de evadare se adaug\u0103 la <strong>pedeapsa r\u0103mas\u0103 neexecutat\u0103 la data evad\u0103rii<\/strong>.<\/li>\n<\/ul>\n<p>Astfel, dup\u0103 trecerea termenului legal de 7 zile, fugarul comite automat infrac\u021biunea de evadare \u0219i risc\u0103 o pedeaps\u0103 suplimentar\u0103 cu <strong>\u00eenchisoarea de la 6 luni la 3 ani<\/strong>, <strong>care se adaug\u0103 la pedeapsa ini\u021bial\u0103<\/strong>.<\/p>\n<h2>2. Persoanele afectate de Legea anti-fugari<\/h2>\n<p class=\"whitespace-normal break-words\">Legea anti-fugari se aplic\u0103 unui spectru larg de persoane, principala categorie vizat\u0103 fiind reprezentat\u0103 de <strong>toate persoanele condamnate definitiv<\/strong> la pedeapsa deten\u021biunii pe via\u021b\u0103 sau la pedeapsa \u00eenchisorii (excep\u021bia const\u00e2nd \u00een pedepsele a c\u0103ror executare a fost suspendat\u0103 conform prevederilor art. 91 \u0219i urm. din <a href=\"https:\/\/legislatie.just.ro\/Public\/DetaliiDocument\/298666\">Codul Penal<\/a>), indiferent de gravitatea infrac\u021biunii sau de cuantumul pedepsei. Nu exist\u0103 excep\u021bii bazate pe natura faptei s\u0103v\u00e2r\u0219ite, v\u00e2rsta condamnatului sau alte criterii de diferen\u021biere.<\/p>\n<p class=\"whitespace-normal break-words\">Conform art. II din <a href=\"https:\/\/legislatie.just.ro\/public\/DetaliiDocument\/295598\">Legea nr. 19\/2025<\/a>, <strong>&#8220;\u00een cazul hot\u0103r\u00e2rilor care au r\u0103mas definitive anterior intr\u0103rii \u00een vigoare a prezentei legi, termenul de 7 zile curge de la data intr\u0103rii \u00een vigoare a prezentei legi&#8221;<\/strong>. Aceasta \u00eenseamn\u0103 c\u0103, \u00een principiu, persoanele care au fost condamnate printr-o hot\u0103r\u00e2re definitiv\u0103 \u00eenainte de data de 17 martie 2025\u00a0 au fost obligate s\u0103 se predea \u00een termen de 7 zile de la aceast\u0103 dat\u0103, respectiv p\u00e2n\u0103 pe 23 martie 2025, \u00eemplinirea termenului calcul\u00e2ndu-se potrivit art. 186 din <a href=\"https:\/\/legislatie.just.ro\/Public\/DetaliiDocument\/298666\">Codul Penal<\/a>.<\/p>\n<p class=\"whitespace-normal break-words\"><strong>Situa\u021bia condamna\u021bilor afla\u021bi \u00een str\u0103in\u0103tate<\/strong> este reglementat\u0103 \u00een aceea\u0219i manier\u0103 &#8211; indiferent de \u021bara \u00een care se afl\u0103, de statutul lor juridic \u00een respectiva \u021bar\u0103 sau de eventualele proceduri de azil \u00een curs, ace\u0219tia r\u0103m\u00e2n supu\u0219i obliga\u021biei de a se preda \u00een termenul legal. La momentul intr\u0103rii \u00een vigoare a legii, un num\u0103r considerabil de persoane condamnate definitiv se sustr\u0103geau de la executarea pedepsei, afl\u00e2ndu-se pe <a href=\"https:\/\/politiaromana.ro\/ro\/persoane-urmarite\">listele de persoane urm\u0103rite<\/a>.<\/p>\n<p class=\"whitespace-normal break-words\"><strong>Excep\u021biile<\/strong> de la aplicarea legii sunt extrem de limitate \u0219i se refer\u0103 exclusiv la situa\u021biile \u00een care a intervenit <strong>prescrip\u021bia execut\u0103rii pedepsei<\/strong> conform prevederilor <a href=\"https:\/\/legislatie.just.ro\/Public\/DetaliiDocument\/298666\">Codului penal<\/a>.<\/p>\n<h2>3. Predarea fugarului<\/h2>\n<p><strong>Termenul de 7 zile<\/strong> reprezint\u0103 elementul central al noii legisla\u021bii \u0219i se calculeaz\u0103 diferit \u00een func\u021bie de momentul condamn\u0103rii. Pentru hot\u0103r\u00e2rile care au devenit definitive dup\u0103 17 martie 2025, termenul de 7 zile \u00eencepe s\u0103 curg\u0103 din momentul \u00een care hot\u0103r\u00e2rea a r\u0103mas definitiv\u0103. Pentru condamn\u0103rile anterioare acestei date, termenul a \u00eenceput s\u0103 curg\u0103 din 17 martie 2025, ceea ce \u00eenseamn\u0103 c\u0103 persoanele respective au avut obliga\u021bia s\u0103 se predea p\u00e2n\u0103 \u00een data de 23 martie 2025.<\/p>\n<p><strong>Procedura de predare<\/strong> este simpl\u0103 din punct de vedere formal: persoana condamnat\u0103 trebuie s\u0103 se prezinte <strong>la organul de poli\u021bie competent<\/strong> \u00een vederea punerii \u00een executare a mandatului de executare a pedepsei. Nu este specificat \u00een lege la care anume organ de poli\u021bie trebuie s\u0103 se fac\u0103 prezentarea. Astfel, alegerea organului de poli\u021bie r\u0103m\u00e2ne la latitudinea persoanei condamnate.<\/p>\n<p><strong>Consecin\u021bele nerespect\u0103rii termenului<\/strong> sunt severe \u0219i imediate. Din momentul expir\u0103rii celor 7 zile, persoana \u00een cauz\u0103 <strong>comite automat infrac\u021biunea de evadare \u00een forma asimilat\u0103<\/strong>. Aceast\u0103 infrac\u021biune este pedepsit\u0103 cu <strong>\u00eenchisoarea de la 6 luni la 3 ani<\/strong>, pedeaps\u0103 care <strong>se adaug\u0103 obligatoriu<\/strong> la pedeapsa r\u0103mas\u0103 neexecutat\u0103 la data evad\u0103rii.<\/p>\n<p><strong>Structurile competente<\/strong> pentru punerea \u00een aplicare sunt cele din cadrul Ministerului Afacerilor Interne care pun \u00een executare ordinul de dare \u00een urm\u0103rire potrivit art. 522 din <a href=\"https:\/\/legislatie.just.ro\/Public\/DetaliiDocument\/297323\">Codul de Procedur\u0103 Penal\u0103<\/a>, acestea av\u00e2nd obliga\u021bia s\u0103 sesizeze organele de urm\u0103rire penal\u0103 \u00een momentul expir\u0103rii termenului de 7 zile pentru \u00eenceperea urm\u0103ririi penale cu privire la noua infrac\u021biune de evadare, potrivit art. III din <a href=\"https:\/\/legislatie.just.ro\/public\/DetaliiDocument\/295598\">Legea nr. 19\/2025<\/a>.<\/p>\n<h2>4. Informa\u021bii suplimentare<\/h2>\n<p>Acest material are un scop pur informativ \u0219i educa\u021bional, con\u021binutul acestuia neput\u00e2nd fi asimilat unei forme de consultan\u021b\u0103 juridic\u0103 \u00een materie penal\u0103. Pentru a \u00een\u021belege cu exactitate ce drepturi sau obliga\u021bii ai \u00eentr-o anumit\u0103 procedur\u0103 penal\u0103, este important s\u0103 consul\u021bi un avocat specializat \u00een dreptul penal.<\/p>\n<p>Pentru o analiz\u0103 aprofundat\u0103 a consecin\u021belor acestei modific\u0103ri legislative se poate vedea urm\u0103torul articol de specialitate la care am contribuit \u00een calitate de autor:<\/p>\n<ul>\n<li><a href=\"https:\/\/www.baroul-cluj.ro\/wp-content\/uploads\/2025\/03\/ulici.pdf\">Infrac\u021biunea de evadare: Suprareglementare sau Necesitate?<\/a>, \u00een JBC nr. 2\/2024, Editura Solomon.<\/li>\n<\/ul>\n<p><a href=\"https:\/\/lexurehub.com\/vlad-ulici\/\" target=\"_blank\" rel=\"noopener\">Vlad Ulici<\/a>\u00a0este\u00a0<a href=\"https:\/\/zic.legal\/ro\/team\/ulicivlad\/\">avocat<\/a>\u00a0\u00een Baroul Cluj. Specializ\u0103rile acestuia sunt dreptul penal \u0219i criminalitatea informatic\u0103, av\u00e2nd un masterat \u00een \u0218tiin\u021be penale \u0219i Criminalistic\u0103 la Universitatea Babe\u0219-Bolyai din Cluj-Napoca.<\/p>\n<p><strong>Date de contact<\/strong><\/p>\n<p><strong>Telefon: 0741.132.923<\/strong><\/p>\n<p><strong>E-mail: vlad.ulici@zic.legal<\/strong><\/p>","protected":false},"excerpt":{"rendered":"<p>Rom\u00e2nia s-a confruntat \u00een ultimii ani cu un fenomen juridic alarmant care a determinat adoptarea Legii nr. 19\/2025, cunoscut\u0103 \u00een spa\u021biul public sub denumirea \u201eLegea anti-fugari\u201d. Un num\u0103r tot mai mare de persoane condamnate definitiv au ales s\u0103 p\u0103r\u0103seasc\u0103 \u021bara pentru a evita executarea pedepselor cu \u00eenchisoarea. Aceast\u0103 tendin\u021b\u0103, amplificat\u0103 de cazuri  [&#8230;]<\/p>","protected":false},"author":3,"featured_media":4049,"comment_status":"closed","ping_status":"closed","sticky":false,"template":"","format":"standard","meta":{"_acf_changed":false,"_jetpack_memberships_contains_paid_content":false,"footnotes":""},"categories":[2,51],"tags":[49,75,74],"class_list":["post-3826","post","type-post","status-publish","format-standard","has-post-thumbnail","hentry","category-diverse","category-noutati","tag-avocat-vlad-ulici","tag-evadare","tag-legea-anti-fugari"],"acf":[],"yoast_head":"<!-- This site is optimized with the Yoast SEO plugin v26.8 - https:\/\/yoast.com\/product\/yoast-seo-wordpress\/ -->\n<title>Legea anti-fugari - 7 zile s\u0103 te predai | ZIC Legal<\/title>\n<meta name=\"description\" content=\"Legea anti-fugari: 7 zile s\u0103 te predai sau ri\u0219ti \u00eenchisoare suplimentar\u0103. Text integral \u0219i explica\u021bii despre Legea nr. 19\/2025.\" \/>\n<meta name=\"robots\" content=\"index, follow, max-snippet:-1, max-image-preview:large, max-video-preview:-1\" \/>\n<link rel=\"canonical\" href=\"https:\/\/zic.legal\/ro\/legea-anti-fugari-7-zile-sa-te-predai\/\" \/>\n<meta property=\"og:locale\" content=\"ro_RO\" \/>\n<meta property=\"og:type\" content=\"article\" \/>\n<meta property=\"og:title\" content=\"Legea anti-fugari - 7 zile s\u0103 te predai | ZIC Legal\" \/>\n<meta property=\"og:description\" content=\"Legea anti-fugari: 7 zile s\u0103 te predai sau ri\u0219ti \u00eenchisoare suplimentar\u0103. Text integral \u0219i explica\u021bii despre Legea nr. 19\/2025.\" \/>\n<meta property=\"og:url\" content=\"https:\/\/zic.legal\/ro\/legea-anti-fugari-7-zile-sa-te-predai\/\" \/>\n<meta property=\"og:site_name\" content=\"ZIC Legal\" \/>\n<meta property=\"article:publisher\" content=\"https:\/\/www.facebook.com\/profile.php?id=61573624655319\" \/>\n<meta property=\"article:published_time\" content=\"2025-07-14T10:00:08+00:00\" \/>\n<meta property=\"article:modified_time\" content=\"2025-12-28T12:21:44+00:00\" \/>\n<meta property=\"og:image\" content=\"https:\/\/zic.legal\/wp-content\/uploads\/2025\/07\/evadare.webp\" \/>\n\t<meta property=\"og:image:width\" content=\"1536\" \/>\n\t<meta property=\"og:image:height\" content=\"1024\" \/>\n\t<meta property=\"og:image:type\" content=\"image\/webp\" \/>\n<meta name=\"author\" content=\"Vlad Ulici\" \/>\n<meta name=\"twitter:card\" content=\"summary_large_image\" \/>\n<meta name=\"twitter:label1\" content=\"Scris de\" \/>\n\t<meta name=\"twitter:data1\" content=\"Vlad Ulici\" \/>\n\t<meta name=\"twitter:label2\" content=\"Timp estimat pentru citire\" \/>\n\t<meta name=\"twitter:data2\" content=\"5 minute\" \/>\n<script type=\"application\/ld+json\" class=\"yoast-schema-graph\">{\"@context\":\"https:\/\/schema.org\",\"@graph\":[{\"@type\":\"Article\",\"@id\":\"https:\/\/zic.legal\/legea-anti-fugari-7-zile-sa-te-predai\/#article\",\"isPartOf\":{\"@id\":\"https:\/\/zic.legal\/legea-anti-fugari-7-zile-sa-te-predai\/\"},\"author\":{\"name\":\"Vlad Ulici\",\"@id\":\"https:\/\/zic.legal\/#\/schema\/person\/5d7e060d53f63af13306c5cb59701dd2\"},\"headline\":\"Legea anti-fugari &#8211; 7 zile s\u0103 te predai\",\"datePublished\":\"2025-07-14T10:00:08+00:00\",\"dateModified\":\"2025-12-28T12:21:44+00:00\",\"mainEntityOfPage\":{\"@id\":\"https:\/\/zic.legal\/legea-anti-fugari-7-zile-sa-te-predai\/\"},\"wordCount\":999,\"publisher\":{\"@id\":\"https:\/\/zic.legal\/#organization\"},\"image\":{\"@id\":\"https:\/\/zic.legal\/legea-anti-fugari-7-zile-sa-te-predai\/#primaryimage\"},\"thumbnailUrl\":\"https:\/\/zic.legal\/wp-content\/uploads\/2025\/07\/evadare.webp\",\"keywords\":[\"avocat Vlad Ulici\",\"evadare\",\"Legea anti-fugari\"],\"articleSection\":[\"Diverse\",\"Nout\u0103\u021bi\"],\"inLanguage\":\"ro-RO\"},{\"@type\":\"WebPage\",\"@id\":\"https:\/\/zic.legal\/legea-anti-fugari-7-zile-sa-te-predai\/\",\"url\":\"https:\/\/zic.legal\/legea-anti-fugari-7-zile-sa-te-predai\/\",\"name\":\"Legea anti-fugari - 7 zile s\u0103 te predai | ZIC Legal\",\"isPartOf\":{\"@id\":\"https:\/\/zic.legal\/#website\"},\"primaryImageOfPage\":{\"@id\":\"https:\/\/zic.legal\/legea-anti-fugari-7-zile-sa-te-predai\/#primaryimage\"},\"image\":{\"@id\":\"https:\/\/zic.legal\/legea-anti-fugari-7-zile-sa-te-predai\/#primaryimage\"},\"thumbnailUrl\":\"https:\/\/zic.legal\/wp-content\/uploads\/2025\/07\/evadare.webp\",\"datePublished\":\"2025-07-14T10:00:08+00:00\",\"dateModified\":\"2025-12-28T12:21:44+00:00\",\"description\":\"Legea anti-fugari: 7 zile s\u0103 te predai sau ri\u0219ti \u00eenchisoare suplimentar\u0103. Text integral \u0219i explica\u021bii despre Legea nr. 19\/2025.\",\"breadcrumb\":{\"@id\":\"https:\/\/zic.legal\/legea-anti-fugari-7-zile-sa-te-predai\/#breadcrumb\"},\"inLanguage\":\"ro-RO\",\"potentialAction\":[{\"@type\":\"ReadAction\",\"target\":[\"https:\/\/zic.legal\/legea-anti-fugari-7-zile-sa-te-predai\/\"]}]},{\"@type\":\"ImageObject\",\"inLanguage\":\"ro-RO\",\"@id\":\"https:\/\/zic.legal\/legea-anti-fugari-7-zile-sa-te-predai\/#primaryimage\",\"url\":\"https:\/\/zic.legal\/wp-content\/uploads\/2025\/07\/evadare.webp\",\"contentUrl\":\"https:\/\/zic.legal\/wp-content\/uploads\/2025\/07\/evadare.webp\",\"width\":1536,\"height\":1024},{\"@type\":\"BreadcrumbList\",\"@id\":\"https:\/\/zic.legal\/legea-anti-fugari-7-zile-sa-te-predai\/#breadcrumb\",\"itemListElement\":[{\"@type\":\"ListItem\",\"position\":1,\"name\":\"Home\",\"item\":\"https:\/\/zic.legal\/\"},{\"@type\":\"ListItem\",\"position\":2,\"name\":\"Legea anti-fugari &#8211; 7 zile s\u0103 te predai\"}]},{\"@type\":\"WebSite\",\"@id\":\"https:\/\/zic.legal\/#website\",\"url\":\"https:\/\/zic.legal\/\",\"name\":\"Zlati Ionescu Chiperi SCA\",\"description\":\"Not another brick in the law\",\"publisher\":{\"@id\":\"https:\/\/zic.legal\/#organization\"},\"alternateName\":\"Zlati Ionescu Chiperi - SCA\",\"potentialAction\":[{\"@type\":\"SearchAction\",\"target\":{\"@type\":\"EntryPoint\",\"urlTemplate\":\"https:\/\/zic.legal\/?s={search_term_string}\"},\"query-input\":{\"@type\":\"PropertyValueSpecification\",\"valueRequired\":true,\"valueName\":\"search_term_string\"}}],\"inLanguage\":\"ro-RO\"},{\"@type\":\"Organization\",\"@id\":\"https:\/\/zic.legal\/#organization\",\"name\":\"Zlati Ionescu Chiperi SCA\",\"url\":\"https:\/\/zic.legal\/\",\"logo\":{\"@type\":\"ImageObject\",\"inLanguage\":\"ro-RO\",\"@id\":\"https:\/\/zic.legal\/#\/schema\/logo\/image\/\",\"url\":\"https:\/\/zic.legal\/wp-content\/uploads\/2025\/02\/Logo-Color-RGB@0.5x.png\",\"contentUrl\":\"https:\/\/zic.legal\/wp-content\/uploads\/2025\/02\/Logo-Color-RGB@0.5x.png\",\"width\":306,\"height\":306,\"caption\":\"Zlati Ionescu Chiperi SCA\"},\"image\":{\"@id\":\"https:\/\/zic.legal\/#\/schema\/logo\/image\/\"},\"sameAs\":[\"https:\/\/www.facebook.com\/profile.php?id=61573624655319\",\"https:\/\/www.linkedin.com\/company\/zic-legal\/\"]},{\"@type\":\"Person\",\"@id\":\"https:\/\/zic.legal\/#\/schema\/person\/5d7e060d53f63af13306c5cb59701dd2\",\"name\":\"Vlad Ulici\",\"url\":\"https:\/\/zic.legal\/ro\/author\/vlad-ulici\/\"}]}<\/script>\n<!-- \/ Yoast SEO plugin. -->","yoast_head_json":{"title":"Legea anti-fugari - 7 zile s\u0103 te predai | ZIC Legal","description":"Legea anti-fugari: 7 zile s\u0103 te predai sau ri\u0219ti \u00eenchisoare suplimentar\u0103. Text integral \u0219i explica\u021bii despre Legea nr. 19\/2025.","robots":{"index":"index","follow":"follow","max-snippet":"max-snippet:-1","max-image-preview":"max-image-preview:large","max-video-preview":"max-video-preview:-1"},"canonical":"https:\/\/zic.legal\/ro\/legea-anti-fugari-7-zile-sa-te-predai\/","og_locale":"ro_RO","og_type":"article","og_title":"Legea anti-fugari - 7 zile s\u0103 te predai | ZIC Legal","og_description":"Legea anti-fugari: 7 zile s\u0103 te predai sau ri\u0219ti \u00eenchisoare suplimentar\u0103. Text integral \u0219i explica\u021bii despre Legea nr. 19\/2025.","og_url":"https:\/\/zic.legal\/ro\/legea-anti-fugari-7-zile-sa-te-predai\/","og_site_name":"ZIC Legal","article_publisher":"https:\/\/www.facebook.com\/profile.php?id=61573624655319","article_published_time":"2025-07-14T10:00:08+00:00","article_modified_time":"2025-12-28T12:21:44+00:00","og_image":[{"width":1536,"height":1024,"url":"https:\/\/zic.legal\/wp-content\/uploads\/2025\/07\/evadare.webp","type":"image\/webp"}],"author":"Vlad Ulici","twitter_card":"summary_large_image","twitter_misc":{"Scris de":"Vlad Ulici","Timp estimat pentru citire":"5 minute"},"schema":{"@context":"https:\/\/schema.org","@graph":[{"@type":"Article","@id":"https:\/\/zic.legal\/legea-anti-fugari-7-zile-sa-te-predai\/#article","isPartOf":{"@id":"https:\/\/zic.legal\/legea-anti-fugari-7-zile-sa-te-predai\/"},"author":{"name":"Vlad Ulici","@id":"https:\/\/zic.legal\/#\/schema\/person\/5d7e060d53f63af13306c5cb59701dd2"},"headline":"Legea anti-fugari &#8211; 7 zile s\u0103 te predai","datePublished":"2025-07-14T10:00:08+00:00","dateModified":"2025-12-28T12:21:44+00:00","mainEntityOfPage":{"@id":"https:\/\/zic.legal\/legea-anti-fugari-7-zile-sa-te-predai\/"},"wordCount":999,"publisher":{"@id":"https:\/\/zic.legal\/#organization"},"image":{"@id":"https:\/\/zic.legal\/legea-anti-fugari-7-zile-sa-te-predai\/#primaryimage"},"thumbnailUrl":"https:\/\/zic.legal\/wp-content\/uploads\/2025\/07\/evadare.webp","keywords":["avocat Vlad Ulici","evadare","Legea anti-fugari"],"articleSection":["Diverse","Nout\u0103\u021bi"],"inLanguage":"ro-RO"},{"@type":"WebPage","@id":"https:\/\/zic.legal\/legea-anti-fugari-7-zile-sa-te-predai\/","url":"https:\/\/zic.legal\/legea-anti-fugari-7-zile-sa-te-predai\/","name":"Legea anti-fugari - 7 zile s\u0103 te predai | ZIC Legal","isPartOf":{"@id":"https:\/\/zic.legal\/#website"},"primaryImageOfPage":{"@id":"https:\/\/zic.legal\/legea-anti-fugari-7-zile-sa-te-predai\/#primaryimage"},"image":{"@id":"https:\/\/zic.legal\/legea-anti-fugari-7-zile-sa-te-predai\/#primaryimage"},"thumbnailUrl":"https:\/\/zic.legal\/wp-content\/uploads\/2025\/07\/evadare.webp","datePublished":"2025-07-14T10:00:08+00:00","dateModified":"2025-12-28T12:21:44+00:00","description":"Legea anti-fugari: 7 zile s\u0103 te predai sau ri\u0219ti \u00eenchisoare suplimentar\u0103. Text integral \u0219i explica\u021bii despre Legea nr. 19\/2025.","breadcrumb":{"@id":"https:\/\/zic.legal\/legea-anti-fugari-7-zile-sa-te-predai\/#breadcrumb"},"inLanguage":"ro-RO","potentialAction":[{"@type":"ReadAction","target":["https:\/\/zic.legal\/legea-anti-fugari-7-zile-sa-te-predai\/"]}]},{"@type":"ImageObject","inLanguage":"ro-RO","@id":"https:\/\/zic.legal\/legea-anti-fugari-7-zile-sa-te-predai\/#primaryimage","url":"https:\/\/zic.legal\/wp-content\/uploads\/2025\/07\/evadare.webp","contentUrl":"https:\/\/zic.legal\/wp-content\/uploads\/2025\/07\/evadare.webp","width":1536,"height":1024},{"@type":"BreadcrumbList","@id":"https:\/\/zic.legal\/legea-anti-fugari-7-zile-sa-te-predai\/#breadcrumb","itemListElement":[{"@type":"ListItem","position":1,"name":"Home","item":"https:\/\/zic.legal\/"},{"@type":"ListItem","position":2,"name":"Legea anti-fugari &#8211; 7 zile s\u0103 te predai"}]},{"@type":"WebSite","@id":"https:\/\/zic.legal\/#website","url":"https:\/\/zic.legal\/","name":"Zlati Ionescu Chiperi SCA","description":"Not another brick in the law","publisher":{"@id":"https:\/\/zic.legal\/#organization"},"alternateName":"Zlati Ionescu Chiperi - SCA","potentialAction":[{"@type":"SearchAction","target":{"@type":"EntryPoint","urlTemplate":"https:\/\/zic.legal\/?s={search_term_string}"},"query-input":{"@type":"PropertyValueSpecification","valueRequired":true,"valueName":"search_term_string"}}],"inLanguage":"ro-RO"},{"@type":"Organization","@id":"https:\/\/zic.legal\/#organization","name":"Zlati Ionescu Chiperi SCA","url":"https:\/\/zic.legal\/","logo":{"@type":"ImageObject","inLanguage":"ro-RO","@id":"https:\/\/zic.legal\/#\/schema\/logo\/image\/","url":"https:\/\/zic.legal\/wp-content\/uploads\/2025\/02\/Logo-Color-RGB@0.5x.png","contentUrl":"https:\/\/zic.legal\/wp-content\/uploads\/2025\/02\/Logo-Color-RGB@0.5x.png","width":306,"height":306,"caption":"Zlati Ionescu Chiperi SCA"},"image":{"@id":"https:\/\/zic.legal\/#\/schema\/logo\/image\/"},"sameAs":["https:\/\/www.facebook.com\/profile.php?id=61573624655319","https:\/\/www.linkedin.com\/company\/zic-legal\/"]},{"@type":"Person","@id":"https:\/\/zic.legal\/#\/schema\/person\/5d7e060d53f63af13306c5cb59701dd2","name":"Vlad Ulici","url":"https:\/\/zic.legal\/ro\/author\/vlad-ulici\/"}]}},"jetpack_featured_media_url":"https:\/\/zic.legal\/wp-content\/uploads\/2025\/07\/evadare.webp","jetpack_sharing_enabled":true,"_links":{"self":[{"href":"https:\/\/zic.legal\/ro\/wp-json\/wp\/v2\/posts\/3826","targetHints":{"allow":["GET"]}}],"collection":[{"href":"https:\/\/zic.legal\/ro\/wp-json\/wp\/v2\/posts"}],"about":[{"href":"https:\/\/zic.legal\/ro\/wp-json\/wp\/v2\/types\/post"}],"author":[{"embeddable":true,"href":"https:\/\/zic.legal\/ro\/wp-json\/wp\/v2\/users\/3"}],"replies":[{"embeddable":true,"href":"https:\/\/zic.legal\/ro\/wp-json\/wp\/v2\/comments?post=3826"}],"version-history":[{"count":11,"href":"https:\/\/zic.legal\/ro\/wp-json\/wp\/v2\/posts\/3826\/revisions"}],"predecessor-version":[{"id":3846,"href":"https:\/\/zic.legal\/ro\/wp-json\/wp\/v2\/posts\/3826\/revisions\/3846"}],"wp:featuredmedia":[{"embeddable":true,"href":"https:\/\/zic.legal\/ro\/wp-json\/wp\/v2\/media\/4049"}],"wp:attachment":[{"href":"https:\/\/zic.legal\/ro\/wp-json\/wp\/v2\/media?parent=3826"}],"wp:term":[{"taxonomy":"category","embeddable":true,"href":"https:\/\/zic.legal\/ro\/wp-json\/wp\/v2\/categories?post=3826"},{"taxonomy":"post_tag","embeddable":true,"href":"https:\/\/zic.legal\/ro\/wp-json\/wp\/v2\/tags?post=3826"}],"curies":[{"name":"wp","href":"https:\/\/api.w.org\/{rel}","templated":true}]}}