{"id":4057,"date":"2025-10-13T13:07:00","date_gmt":"2025-10-13T13:07:00","guid":{"rendered":"https:\/\/zic.legal\/?p=4057"},"modified":"2025-12-28T14:49:06","modified_gmt":"2025-12-28T14:49:06","slug":"george-zlati-a-fost-speaker-in-budapesta-la-o-conferinta-internationala-pe-tema-inteligentei-artificiale","status":"publish","type":"post","link":"https:\/\/zic.legal\/ro\/george-zlati-a-fost-speaker-in-budapesta-la-o-conferinta-internationala-pe-tema-inteligentei-artificiale\/","title":{"rendered":"George Zlati a fost speaker \u00een Budapesta la o conferin\u021b\u0103 international\u0103 pe tema inteligen\u021bei artificiale"},"content":{"rendered":"<p data-start=\"147\" data-end=\"707\">\u00cen 13\u201314 octombrie 2025, <a href=\"https:\/\/zic.legal\/ro\/team\/zlatigeorge\/\" target=\"_blank\" rel=\"noopener\">George Zlati<\/a> este speaker la seminarul interna\u021bional \u201eBasics of Artificial Intelligence for Criminal Legal Professionals \u2013 How AI is Reshaping the Criminal Justice Systems\u201d, organizat la Budapesta. Evenimentul are loc la Budapest Bar Association (Szalay street 7), este \u00een limba englez\u0103 \u0219i are num\u0103rul de eveniment 325D62. Organizator: <a href=\"https:\/\/www.era.int\/\" target=\"_blank\" rel=\"noopener\">Academia de Drept European (ERA)<\/a>, \u00een cooperare cu Hungarian Bar.<\/p>\n<p data-start=\"709\" data-end=\"1107\">Luni, 13 octombrie, George sus\u021bine prezentarea \u201eAI and substantive criminal law: shaping legal definitions and applications\u201d \u00een sesiunea \u201eAI in Substantive and Procedural Criminal Law\u201d. Mar\u021bi, 14 octombrie, George prezideaz\u0103 sesiunea \u201eAI, Deepfakes and the Evaluation of Evidence\u201d.<\/p>\n<h3 data-start=\"1109\" data-end=\"1145\"><strong data-start=\"1109\" data-end=\"1145\">Teme principale ale seminarului:<\/strong><\/h3>\n<ul data-start=\"1146\" data-end=\"1346\">\n<li data-start=\"1146\" data-end=\"1188\">\n<p data-start=\"1148\" data-end=\"1188\">AI, machine learning \u0219i deep learning;<\/p>\n<\/li>\n<li data-start=\"1189\" data-end=\"1246\">\n<p data-start=\"1191\" data-end=\"1246\">Cum este folosit\u0103 AI pentru comiterea infrac\u021biunilor;<\/p>\n<\/li>\n<li data-start=\"1247\" data-end=\"1295\">\n<p data-start=\"1249\" data-end=\"1295\">Utiliz\u0103ri poten\u021biale ale AI \u00een investiga\u021biile penale;<\/p>\n<\/li>\n<li data-start=\"1296\" data-end=\"1346\">\n<p data-start=\"1298\" data-end=\"1346\">Deepfakes.<\/p>\n<\/li>\n<\/ul>\n<h3 data-start=\"1348\" data-end=\"1422\"><strong>Ceilal\u021bi speakeri \u0219i moderatori anun\u021ba\u021bi:<\/strong><\/h3>\n<ol data-start=\"1423\" data-end=\"1920\">\n<li data-start=\"1423\" data-end=\"1498\">\n<p data-start=\"1426\" data-end=\"1498\"><strong data-start=\"1426\" data-end=\"1443\">Laviero Buono<\/strong>, Head of Section, European Criminal Law, ERA, Trier;<\/p>\n<\/li>\n<li data-start=\"1499\" data-end=\"1571\">\n<p data-start=\"1502\" data-end=\"1571\"><strong data-start=\"1502\" data-end=\"1524\">Steven David Brown<\/strong>, International Cybercrime Consultant, Viena;<\/p>\n<\/li>\n<li data-start=\"1572\" data-end=\"1671\">\n<p data-start=\"1575\" data-end=\"1671\"><strong data-start=\"1575\" data-end=\"1596\">Julija Kalpokien\u0117<\/strong>, Attorney at Law, Kaunas; Junior Researcher, Vytautas Magnus University;<\/p>\n<\/li>\n<li data-start=\"1672\" data-end=\"1729\">\n<p data-start=\"1675\" data-end=\"1729\"><strong data-start=\"1675\" data-end=\"1689\">G\u00e1bor T\u00f3th<\/strong>, President, Budapest Bar Association;<\/p>\n<\/li>\n<li data-start=\"1730\" data-end=\"1920\">\n<p data-start=\"1733\" data-end=\"1920\"><strong data-start=\"1733\" data-end=\"1755\">Yolanda van Setten<\/strong>, Deputy Judge, Court of Appeal, Den Bosch.<\/p>\n<\/li>\n<\/ol>\n<h3 data-start=\"1922\" data-end=\"2227\"><strong data-start=\"1922\" data-end=\"1946\">Context \u0219i audien\u021b\u0103<\/strong><\/h3>\n<p data-start=\"1922\" data-end=\"2227\">Seminarul ERA urm\u0103re\u0219te s\u0103 creasc\u0103 nivelul de con\u0219tientizare al profesioni\u0219tilor din justi\u021bia penal\u0103 cu privire la consecin\u021bele \u0219i implica\u021biile AI; sunt viza\u021bi \u00een special avoca\u021bi de ap\u0103rare, organe de urm\u0103rire penal\u0103, judec\u0103tori \u0219i procurori.<\/p>\n<p data-start=\"1922\" data-end=\"2227\"><img decoding=\"async\" class=\"aligncenter wp-image-4067 size-large\" src=\"https:\/\/zic.legal\/wp-content\/uploads\/2025\/12\/325D62-AI-BUDAPEST_Page_1-724x1024.jpg\" alt=\"\" width=\"724\" height=\"1024\" srcset=\"https:\/\/zic.legal\/wp-content\/uploads\/2025\/12\/325D62-AI-BUDAPEST_Page_1-8x12.jpg 8w, https:\/\/zic.legal\/wp-content\/uploads\/2025\/12\/325D62-AI-BUDAPEST_Page_1-200x283.jpg 200w, https:\/\/zic.legal\/wp-content\/uploads\/2025\/12\/325D62-AI-BUDAPEST_Page_1-212x300.jpg 212w, https:\/\/zic.legal\/wp-content\/uploads\/2025\/12\/325D62-AI-BUDAPEST_Page_1-400x566.jpg 400w, https:\/\/zic.legal\/wp-content\/uploads\/2025\/12\/325D62-AI-BUDAPEST_Page_1-600x849.jpg 600w, https:\/\/zic.legal\/wp-content\/uploads\/2025\/12\/325D62-AI-BUDAPEST_Page_1-724x1024.jpg 724w, https:\/\/zic.legal\/wp-content\/uploads\/2025\/12\/325D62-AI-BUDAPEST_Page_1-768x1086.jpg 768w, https:\/\/zic.legal\/wp-content\/uploads\/2025\/12\/325D62-AI-BUDAPEST_Page_1-800x1131.jpg 800w, https:\/\/zic.legal\/wp-content\/uploads\/2025\/12\/325D62-AI-BUDAPEST_Page_1-1086x1536.jpg 1086w, https:\/\/zic.legal\/wp-content\/uploads\/2025\/12\/325D62-AI-BUDAPEST_Page_1-1200x1697.jpg 1200w, https:\/\/zic.legal\/wp-content\/uploads\/2025\/12\/325D62-AI-BUDAPEST_Page_1-1448x2048.jpg 1448w, https:\/\/zic.legal\/wp-content\/uploads\/2025\/12\/325D62-AI-BUDAPEST_Page_1-scaled.jpg 1810w\" sizes=\"(max-width: 724px) 100vw, 724px\" \/><\/p>","protected":false},"excerpt":{"rendered":"<p>\u00cen 13\u201314 octombrie 2025, George Zlati este speaker la seminarul interna\u021bional \u201eBasics of Artificial Intelligence for Criminal Legal Professionals \u2013 How AI is Reshaping the Criminal Justice Systems\u201d, organizat la Budapesta. Evenimentul are loc la Budapest Bar Association (Szalay street 7), este \u00een limba englez\u0103 \u0219i are num\u0103rul de eveniment 325D62. Organizator:  [&#8230;]<\/p>","protected":false},"author":8,"featured_media":3944,"comment_status":"closed","ping_status":"closed","sticky":false,"template":"","format":"standard","meta":{"_acf_changed":false,"_jetpack_memberships_contains_paid_content":false,"footnotes":""},"categories":[2,51],"tags":[104,101,106,103,108,102,107,100,105,109],"class_list":["post-4057","post","type-post","status-publish","format-standard","has-post-thumbnail","hentry","category-diverse","category-noutati","tag-325d62","tag-ai-criminal-law","tag-ai-in-investigatii","tag-budapest-bar-association","tag-criminal-procedure-ai","tag-deepfakes","tag-drept-penal-si-ai","tag-era-conference","tag-european-law-academy","tag-george-zlati"],"acf":[],"yoast_head":"<!-- This site is optimized with the Yoast SEO plugin v26.8 - https:\/\/yoast.com\/product\/yoast-seo-wordpress\/ -->\n<title>George Zlati a fost speaker \u00een Budapesta la o conferin\u021b\u0103 international\u0103 pe tema inteligen\u021bei artificiale | ZIC Legal<\/title>\n<meta name=\"description\" content=\"George Zlati este speaker la seminarul ERA de la Budapesta (13\u201314 octombrie 2025) despre AI \u0219i justi\u021bia penal\u0103: deepfakes, investiga\u021bii \u0219i r\u0103spunderea penal\u0103.\" \/>\n<meta name=\"robots\" content=\"index, follow, max-snippet:-1, max-image-preview:large, max-video-preview:-1\" \/>\n<link rel=\"canonical\" href=\"https:\/\/zic.legal\/ro\/george-zlati-a-fost-speaker-in-budapesta-la-o-conferinta-internationala-pe-tema-inteligentei-artificiale\/\" \/>\n<meta property=\"og:locale\" content=\"ro_RO\" \/>\n<meta property=\"og:type\" content=\"article\" \/>\n<meta property=\"og:title\" content=\"George Zlati a fost speaker \u00een Budapesta la o conferin\u021b\u0103 international\u0103 pe tema inteligen\u021bei artificiale | ZIC Legal\" \/>\n<meta property=\"og:description\" content=\"George Zlati este speaker la seminarul ERA de la Budapesta (13\u201314 octombrie 2025) despre AI \u0219i justi\u021bia penal\u0103: deepfakes, investiga\u021bii \u0219i r\u0103spunderea penal\u0103.\" \/>\n<meta property=\"og:url\" content=\"https:\/\/zic.legal\/ro\/george-zlati-a-fost-speaker-in-budapesta-la-o-conferinta-internationala-pe-tema-inteligentei-artificiale\/\" \/>\n<meta property=\"og:site_name\" content=\"ZIC Legal\" \/>\n<meta property=\"article:publisher\" content=\"https:\/\/www.facebook.com\/profile.php?id=61573624655319\" \/>\n<meta property=\"article:published_time\" content=\"2025-10-13T13:07:00+00:00\" \/>\n<meta property=\"article:modified_time\" content=\"2025-12-28T14:49:06+00:00\" \/>\n<meta property=\"og:image\" content=\"https:\/\/zic.legal\/wp-content\/uploads\/2025\/04\/conference2.webp\" \/>\n\t<meta property=\"og:image:width\" content=\"1536\" \/>\n\t<meta property=\"og:image:height\" content=\"1024\" \/>\n\t<meta property=\"og:image:type\" content=\"image\/webp\" \/>\n<meta name=\"author\" content=\"George Zlati\" \/>\n<meta name=\"twitter:card\" content=\"summary_large_image\" \/>\n<meta name=\"twitter:label1\" content=\"Scris de\" \/>\n\t<meta name=\"twitter:data1\" content=\"George Zlati\" \/>\n\t<meta name=\"twitter:label2\" content=\"Timp estimat pentru citire\" \/>\n\t<meta name=\"twitter:data2\" content=\"1 minut\" \/>\n<script type=\"application\/ld+json\" class=\"yoast-schema-graph\">{\"@context\":\"https:\/\/schema.org\",\"@graph\":[{\"@type\":\"Article\",\"@id\":\"https:\/\/zic.legal\/george-zlati-a-fost-speaker-in-budapesta-la-o-conferinta-internationala-pe-tema-inteligentei-artificiale\/#article\",\"isPartOf\":{\"@id\":\"https:\/\/zic.legal\/george-zlati-a-fost-speaker-in-budapesta-la-o-conferinta-internationala-pe-tema-inteligentei-artificiale\/\"},\"author\":{\"name\":\"George Zlati\",\"@id\":\"https:\/\/zic.legal\/#\/schema\/person\/aae0a83a43928bb0743a63e0a3343e65\"},\"headline\":\"George Zlati a fost speaker \u00een Budapesta la o conferin\u021b\u0103 international\u0103 pe tema inteligen\u021bei artificiale\",\"datePublished\":\"2025-10-13T13:07:00+00:00\",\"dateModified\":\"2025-12-28T14:49:06+00:00\",\"mainEntityOfPage\":{\"@id\":\"https:\/\/zic.legal\/george-zlati-a-fost-speaker-in-budapesta-la-o-conferinta-internationala-pe-tema-inteligentei-artificiale\/\"},\"wordCount\":246,\"publisher\":{\"@id\":\"https:\/\/zic.legal\/#organization\"},\"image\":{\"@id\":\"https:\/\/zic.legal\/george-zlati-a-fost-speaker-in-budapesta-la-o-conferinta-internationala-pe-tema-inteligentei-artificiale\/#primaryimage\"},\"thumbnailUrl\":\"https:\/\/zic.legal\/wp-content\/uploads\/2025\/04\/conference2.webp\",\"keywords\":[\"325D62\",\"AI criminal law\",\"AI \u00een investiga\u021bii\",\"Budapest Bar Association\",\"criminal procedure AI\",\"deepfakes\",\"drept penal \u0219i AI\",\"ERA conference\",\"European Law Academy\",\"George Zlati\"],\"articleSection\":[\"Diverse\",\"Nout\u0103\u021bi\"],\"inLanguage\":\"ro-RO\"},{\"@type\":\"WebPage\",\"@id\":\"https:\/\/zic.legal\/george-zlati-a-fost-speaker-in-budapesta-la-o-conferinta-internationala-pe-tema-inteligentei-artificiale\/\",\"url\":\"https:\/\/zic.legal\/george-zlati-a-fost-speaker-in-budapesta-la-o-conferinta-internationala-pe-tema-inteligentei-artificiale\/\",\"name\":\"George Zlati a fost speaker \u00een Budapesta la o conferin\u021b\u0103 international\u0103 pe tema inteligen\u021bei artificiale | ZIC Legal\",\"isPartOf\":{\"@id\":\"https:\/\/zic.legal\/#website\"},\"primaryImageOfPage\":{\"@id\":\"https:\/\/zic.legal\/george-zlati-a-fost-speaker-in-budapesta-la-o-conferinta-internationala-pe-tema-inteligentei-artificiale\/#primaryimage\"},\"image\":{\"@id\":\"https:\/\/zic.legal\/george-zlati-a-fost-speaker-in-budapesta-la-o-conferinta-internationala-pe-tema-inteligentei-artificiale\/#primaryimage\"},\"thumbnailUrl\":\"https:\/\/zic.legal\/wp-content\/uploads\/2025\/04\/conference2.webp\",\"datePublished\":\"2025-10-13T13:07:00+00:00\",\"dateModified\":\"2025-12-28T14:49:06+00:00\",\"description\":\"George Zlati este speaker la seminarul ERA de la Budapesta (13\u201314 octombrie 2025) despre AI \u0219i justi\u021bia penal\u0103: deepfakes, investiga\u021bii \u0219i r\u0103spunderea penal\u0103.\",\"breadcrumb\":{\"@id\":\"https:\/\/zic.legal\/george-zlati-a-fost-speaker-in-budapesta-la-o-conferinta-internationala-pe-tema-inteligentei-artificiale\/#breadcrumb\"},\"inLanguage\":\"ro-RO\",\"potentialAction\":[{\"@type\":\"ReadAction\",\"target\":[\"https:\/\/zic.legal\/george-zlati-a-fost-speaker-in-budapesta-la-o-conferinta-internationala-pe-tema-inteligentei-artificiale\/\"]}]},{\"@type\":\"ImageObject\",\"inLanguage\":\"ro-RO\",\"@id\":\"https:\/\/zic.legal\/george-zlati-a-fost-speaker-in-budapesta-la-o-conferinta-internationala-pe-tema-inteligentei-artificiale\/#primaryimage\",\"url\":\"https:\/\/zic.legal\/wp-content\/uploads\/2025\/04\/conference2.webp\",\"contentUrl\":\"https:\/\/zic.legal\/wp-content\/uploads\/2025\/04\/conference2.webp\",\"width\":1536,\"height\":1024},{\"@type\":\"BreadcrumbList\",\"@id\":\"https:\/\/zic.legal\/george-zlati-a-fost-speaker-in-budapesta-la-o-conferinta-internationala-pe-tema-inteligentei-artificiale\/#breadcrumb\",\"itemListElement\":[{\"@type\":\"ListItem\",\"position\":1,\"name\":\"Home\",\"item\":\"https:\/\/zic.legal\/\"},{\"@type\":\"ListItem\",\"position\":2,\"name\":\"George Zlati a fost speaker \u00een Budapesta la o conferin\u021b\u0103 international\u0103 pe tema inteligen\u021bei artificiale\"}]},{\"@type\":\"WebSite\",\"@id\":\"https:\/\/zic.legal\/#website\",\"url\":\"https:\/\/zic.legal\/\",\"name\":\"Zlati Ionescu Chiperi SCA\",\"description\":\"Not another brick in the law\",\"publisher\":{\"@id\":\"https:\/\/zic.legal\/#organization\"},\"alternateName\":\"Zlati Ionescu Chiperi - SCA\",\"potentialAction\":[{\"@type\":\"SearchAction\",\"target\":{\"@type\":\"EntryPoint\",\"urlTemplate\":\"https:\/\/zic.legal\/?s={search_term_string}\"},\"query-input\":{\"@type\":\"PropertyValueSpecification\",\"valueRequired\":true,\"valueName\":\"search_term_string\"}}],\"inLanguage\":\"ro-RO\"},{\"@type\":\"Organization\",\"@id\":\"https:\/\/zic.legal\/#organization\",\"name\":\"Zlati Ionescu Chiperi SCA\",\"url\":\"https:\/\/zic.legal\/\",\"logo\":{\"@type\":\"ImageObject\",\"inLanguage\":\"ro-RO\",\"@id\":\"https:\/\/zic.legal\/#\/schema\/logo\/image\/\",\"url\":\"https:\/\/zic.legal\/wp-content\/uploads\/2025\/02\/Logo-Color-RGB@0.5x.png\",\"contentUrl\":\"https:\/\/zic.legal\/wp-content\/uploads\/2025\/02\/Logo-Color-RGB@0.5x.png\",\"width\":306,\"height\":306,\"caption\":\"Zlati Ionescu Chiperi SCA\"},\"image\":{\"@id\":\"https:\/\/zic.legal\/#\/schema\/logo\/image\/\"},\"sameAs\":[\"https:\/\/www.facebook.com\/profile.php?id=61573624655319\",\"https:\/\/www.linkedin.com\/company\/zic-legal\/\"]},{\"@type\":\"Person\",\"@id\":\"https:\/\/zic.legal\/#\/schema\/person\/aae0a83a43928bb0743a63e0a3343e65\",\"name\":\"George Zlati\",\"url\":\"https:\/\/zic.legal\/ro\/author\/george-zlatizic-legal\/\"}]}<\/script>\n<!-- \/ Yoast SEO plugin. -->","yoast_head_json":{"title":"George Zlati a fost speaker \u00een Budapesta la o conferin\u021b\u0103 international\u0103 pe tema inteligen\u021bei artificiale | ZIC Legal","description":"George Zlati este speaker la seminarul ERA de la Budapesta (13\u201314 octombrie 2025) despre AI \u0219i justi\u021bia penal\u0103: deepfakes, investiga\u021bii \u0219i r\u0103spunderea penal\u0103.","robots":{"index":"index","follow":"follow","max-snippet":"max-snippet:-1","max-image-preview":"max-image-preview:large","max-video-preview":"max-video-preview:-1"},"canonical":"https:\/\/zic.legal\/ro\/george-zlati-a-fost-speaker-in-budapesta-la-o-conferinta-internationala-pe-tema-inteligentei-artificiale\/","og_locale":"ro_RO","og_type":"article","og_title":"George Zlati a fost speaker \u00een Budapesta la o conferin\u021b\u0103 international\u0103 pe tema inteligen\u021bei artificiale | ZIC Legal","og_description":"George Zlati este speaker la seminarul ERA de la Budapesta (13\u201314 octombrie 2025) despre AI \u0219i justi\u021bia penal\u0103: deepfakes, investiga\u021bii \u0219i r\u0103spunderea penal\u0103.","og_url":"https:\/\/zic.legal\/ro\/george-zlati-a-fost-speaker-in-budapesta-la-o-conferinta-internationala-pe-tema-inteligentei-artificiale\/","og_site_name":"ZIC Legal","article_publisher":"https:\/\/www.facebook.com\/profile.php?id=61573624655319","article_published_time":"2025-10-13T13:07:00+00:00","article_modified_time":"2025-12-28T14:49:06+00:00","og_image":[{"width":1536,"height":1024,"url":"https:\/\/zic.legal\/wp-content\/uploads\/2025\/04\/conference2.webp","type":"image\/webp"}],"author":"George Zlati","twitter_card":"summary_large_image","twitter_misc":{"Scris de":"George Zlati","Timp estimat pentru citire":"1 minut"},"schema":{"@context":"https:\/\/schema.org","@graph":[{"@type":"Article","@id":"https:\/\/zic.legal\/george-zlati-a-fost-speaker-in-budapesta-la-o-conferinta-internationala-pe-tema-inteligentei-artificiale\/#article","isPartOf":{"@id":"https:\/\/zic.legal\/george-zlati-a-fost-speaker-in-budapesta-la-o-conferinta-internationala-pe-tema-inteligentei-artificiale\/"},"author":{"name":"George Zlati","@id":"https:\/\/zic.legal\/#\/schema\/person\/aae0a83a43928bb0743a63e0a3343e65"},"headline":"George Zlati a fost speaker \u00een Budapesta la o conferin\u021b\u0103 international\u0103 pe tema inteligen\u021bei artificiale","datePublished":"2025-10-13T13:07:00+00:00","dateModified":"2025-12-28T14:49:06+00:00","mainEntityOfPage":{"@id":"https:\/\/zic.legal\/george-zlati-a-fost-speaker-in-budapesta-la-o-conferinta-internationala-pe-tema-inteligentei-artificiale\/"},"wordCount":246,"publisher":{"@id":"https:\/\/zic.legal\/#organization"},"image":{"@id":"https:\/\/zic.legal\/george-zlati-a-fost-speaker-in-budapesta-la-o-conferinta-internationala-pe-tema-inteligentei-artificiale\/#primaryimage"},"thumbnailUrl":"https:\/\/zic.legal\/wp-content\/uploads\/2025\/04\/conference2.webp","keywords":["325D62","AI criminal law","AI \u00een investiga\u021bii","Budapest Bar Association","criminal procedure AI","deepfakes","drept penal \u0219i AI","ERA conference","European Law Academy","George Zlati"],"articleSection":["Diverse","Nout\u0103\u021bi"],"inLanguage":"ro-RO"},{"@type":"WebPage","@id":"https:\/\/zic.legal\/george-zlati-a-fost-speaker-in-budapesta-la-o-conferinta-internationala-pe-tema-inteligentei-artificiale\/","url":"https:\/\/zic.legal\/george-zlati-a-fost-speaker-in-budapesta-la-o-conferinta-internationala-pe-tema-inteligentei-artificiale\/","name":"George Zlati a fost speaker \u00een Budapesta la o conferin\u021b\u0103 international\u0103 pe tema inteligen\u021bei artificiale | ZIC Legal","isPartOf":{"@id":"https:\/\/zic.legal\/#website"},"primaryImageOfPage":{"@id":"https:\/\/zic.legal\/george-zlati-a-fost-speaker-in-budapesta-la-o-conferinta-internationala-pe-tema-inteligentei-artificiale\/#primaryimage"},"image":{"@id":"https:\/\/zic.legal\/george-zlati-a-fost-speaker-in-budapesta-la-o-conferinta-internationala-pe-tema-inteligentei-artificiale\/#primaryimage"},"thumbnailUrl":"https:\/\/zic.legal\/wp-content\/uploads\/2025\/04\/conference2.webp","datePublished":"2025-10-13T13:07:00+00:00","dateModified":"2025-12-28T14:49:06+00:00","description":"George Zlati este speaker la seminarul ERA de la Budapesta (13\u201314 octombrie 2025) despre AI \u0219i justi\u021bia penal\u0103: deepfakes, investiga\u021bii \u0219i r\u0103spunderea penal\u0103.","breadcrumb":{"@id":"https:\/\/zic.legal\/george-zlati-a-fost-speaker-in-budapesta-la-o-conferinta-internationala-pe-tema-inteligentei-artificiale\/#breadcrumb"},"inLanguage":"ro-RO","potentialAction":[{"@type":"ReadAction","target":["https:\/\/zic.legal\/george-zlati-a-fost-speaker-in-budapesta-la-o-conferinta-internationala-pe-tema-inteligentei-artificiale\/"]}]},{"@type":"ImageObject","inLanguage":"ro-RO","@id":"https:\/\/zic.legal\/george-zlati-a-fost-speaker-in-budapesta-la-o-conferinta-internationala-pe-tema-inteligentei-artificiale\/#primaryimage","url":"https:\/\/zic.legal\/wp-content\/uploads\/2025\/04\/conference2.webp","contentUrl":"https:\/\/zic.legal\/wp-content\/uploads\/2025\/04\/conference2.webp","width":1536,"height":1024},{"@type":"BreadcrumbList","@id":"https:\/\/zic.legal\/george-zlati-a-fost-speaker-in-budapesta-la-o-conferinta-internationala-pe-tema-inteligentei-artificiale\/#breadcrumb","itemListElement":[{"@type":"ListItem","position":1,"name":"Home","item":"https:\/\/zic.legal\/"},{"@type":"ListItem","position":2,"name":"George Zlati a fost speaker \u00een Budapesta la o conferin\u021b\u0103 international\u0103 pe tema inteligen\u021bei artificiale"}]},{"@type":"WebSite","@id":"https:\/\/zic.legal\/#website","url":"https:\/\/zic.legal\/","name":"Zlati Ionescu Chiperi SCA","description":"Not another brick in the law","publisher":{"@id":"https:\/\/zic.legal\/#organization"},"alternateName":"Zlati Ionescu Chiperi - SCA","potentialAction":[{"@type":"SearchAction","target":{"@type":"EntryPoint","urlTemplate":"https:\/\/zic.legal\/?s={search_term_string}"},"query-input":{"@type":"PropertyValueSpecification","valueRequired":true,"valueName":"search_term_string"}}],"inLanguage":"ro-RO"},{"@type":"Organization","@id":"https:\/\/zic.legal\/#organization","name":"Zlati Ionescu Chiperi SCA","url":"https:\/\/zic.legal\/","logo":{"@type":"ImageObject","inLanguage":"ro-RO","@id":"https:\/\/zic.legal\/#\/schema\/logo\/image\/","url":"https:\/\/zic.legal\/wp-content\/uploads\/2025\/02\/Logo-Color-RGB@0.5x.png","contentUrl":"https:\/\/zic.legal\/wp-content\/uploads\/2025\/02\/Logo-Color-RGB@0.5x.png","width":306,"height":306,"caption":"Zlati Ionescu Chiperi SCA"},"image":{"@id":"https:\/\/zic.legal\/#\/schema\/logo\/image\/"},"sameAs":["https:\/\/www.facebook.com\/profile.php?id=61573624655319","https:\/\/www.linkedin.com\/company\/zic-legal\/"]},{"@type":"Person","@id":"https:\/\/zic.legal\/#\/schema\/person\/aae0a83a43928bb0743a63e0a3343e65","name":"George Zlati","url":"https:\/\/zic.legal\/ro\/author\/george-zlatizic-legal\/"}]}},"jetpack_featured_media_url":"https:\/\/zic.legal\/wp-content\/uploads\/2025\/04\/conference2.webp","jetpack_sharing_enabled":true,"_links":{"self":[{"href":"https:\/\/zic.legal\/ro\/wp-json\/wp\/v2\/posts\/4057","targetHints":{"allow":["GET"]}}],"collection":[{"href":"https:\/\/zic.legal\/ro\/wp-json\/wp\/v2\/posts"}],"about":[{"href":"https:\/\/zic.legal\/ro\/wp-json\/wp\/v2\/types\/post"}],"author":[{"embeddable":true,"href":"https:\/\/zic.legal\/ro\/wp-json\/wp\/v2\/users\/8"}],"replies":[{"embeddable":true,"href":"https:\/\/zic.legal\/ro\/wp-json\/wp\/v2\/comments?post=4057"}],"version-history":[{"count":4,"href":"https:\/\/zic.legal\/ro\/wp-json\/wp\/v2\/posts\/4057\/revisions"}],"predecessor-version":[{"id":4076,"href":"https:\/\/zic.legal\/ro\/wp-json\/wp\/v2\/posts\/4057\/revisions\/4076"}],"wp:featuredmedia":[{"embeddable":true,"href":"https:\/\/zic.legal\/ro\/wp-json\/wp\/v2\/media\/3944"}],"wp:attachment":[{"href":"https:\/\/zic.legal\/ro\/wp-json\/wp\/v2\/media?parent=4057"}],"wp:term":[{"taxonomy":"category","embeddable":true,"href":"https:\/\/zic.legal\/ro\/wp-json\/wp\/v2\/categories?post=4057"},{"taxonomy":"post_tag","embeddable":true,"href":"https:\/\/zic.legal\/ro\/wp-json\/wp\/v2\/tags?post=4057"}],"curies":[{"name":"wp","href":"https:\/\/api.w.org\/{rel}","templated":true}]}}