{"id":4077,"date":"2025-11-26T14:49:34","date_gmt":"2025-11-26T14:49:34","guid":{"rendered":"https:\/\/zic.legal\/?p=4077"},"modified":"2025-12-28T14:55:35","modified_gmt":"2025-12-28T14:55:35","slug":"george-zlati-este-speaker-si-moderator-la-conferinta-nationala-privind-controversele-din-domeniul-dreptului-penal","status":"publish","type":"post","link":"https:\/\/zic.legal\/ro\/george-zlati-este-speaker-si-moderator-la-conferinta-nationala-privind-controversele-din-domeniul-dreptului-penal\/","title":{"rendered":"George Zlati este speaker \u0219i moderator la Conferin\u021ba na\u021bional\u0103 privind controversele din domeniul dreptului penal"},"content":{"rendered":"<p>Pe 26 noiembrie 2025, \u00eentre orele 15:00\u201319:00, George Zlati particip\u0103 la conferin\u021ba organizat\u0103 de <a href=\"https:\/\/evenimente.juridice.ro\/58510\/conferinta-nationala-privind-controversele-din-domeniul-dreptului-penal.html\" target=\"_blank\" rel=\"noopener\">JURIDICE.ro<\/a>, \u00een parteneriat cu <a href=\"https:\/\/lexurehub.com\/\" target=\"_blank\" rel=\"noopener\">Lexure Legal Hub<\/a>.<\/p>\n<p>George modereaz\u0103 Panelul III \u0219i sus\u021bine interven\u021bia \u201eOpera\u021biunea Marte: prevenirea \u0219i combaterea criminalit\u0103\u021bii informatice\u201d. Evenimentul este transmis LIVE online pe canalele JURIDICE (site, Facebook, YouTube, LinkedIn).<\/p>\n<h2 data-start=\"1145\" data-end=\"1202\">Program &amp; ceilal\u021bi speakeri (conform agendei oficiale)<\/h2>\n<p data-start=\"1203\" data-end=\"1254\"><strong data-start=\"1203\" data-end=\"1216\">PANELUL I<\/strong> \u2013 Moderator: Av. drd. Adrian \u0218andru<\/p>\n<ul data-start=\"1255\" data-end=\"1736\">\n<li data-start=\"1255\" data-end=\"1397\">\n<p data-start=\"1257\" data-end=\"1397\">15:00\u201315:15 Mihail Udroiu \u2013 <em data-start=\"1285\" data-end=\"1395\">Ipoteze controversate de invocare a prescrip\u021biei r\u0103spunderii penale \u00een calea de atac a recursului \u00een casa\u021bie<\/em><\/p>\n<\/li>\n<li data-start=\"1398\" data-end=\"1484\">\n<p data-start=\"1400\" data-end=\"1484\">15:15\u201315:30 Cristian B\u0103lan \u2013 <em data-start=\"1429\" data-end=\"1482\">Dimensiunea real\u0103 a principiului egalit\u0103\u021bii armelor<\/em><\/p>\n<\/li>\n<li data-start=\"1485\" data-end=\"1598\">\n<p data-start=\"1487\" data-end=\"1598\">15:30\u201315:45 Andra\u2011Roxana Trandafir \u2013 <em data-start=\"1524\" data-end=\"1596\">Controverse privind citarea \u00een procedura lu\u0103rii m\u0103surilor asigur\u0103torii<\/em><\/p>\n<\/li>\n<li data-start=\"1599\" data-end=\"1736\">\n<p data-start=\"1601\" data-end=\"1736\">15:45\u201316:00 Adrian \u0218andru \u2013 <em data-start=\"1629\" data-end=\"1697\">Anatomia fraudei cu fonduri UE: mecanisme, actori, vulnerabilit\u0103\u021bi<\/em>.<\/p>\n<\/li>\n<\/ul>\n<p data-start=\"1738\" data-end=\"1799\"><strong data-start=\"1738\" data-end=\"1748\">Pauz\u0103:<\/strong> 16:00\u201316:15.<\/p>\n<p data-start=\"1801\" data-end=\"1850\"><strong data-start=\"1801\" data-end=\"1815\">PANELUL II<\/strong> \u2013 Moderator: Av. dr. Mihai Suian<\/p>\n<ul data-start=\"1851\" data-end=\"2310\">\n<li data-start=\"1851\" data-end=\"1955\">\n<p data-start=\"1853\" data-end=\"1955\">16:15\u201316:30 Mihai Suian \u2013 <em data-start=\"1879\" data-end=\"1953\">Aspecte practice privind metodele speciale de supraveghere sau cercetare<\/em><\/p>\n<\/li>\n<li data-start=\"1956\" data-end=\"2041\">\n<p data-start=\"1958\" data-end=\"2041\">16:30\u201316:45 Oana Bugnar\u2011Coldea \u2013 <em data-start=\"1991\" data-end=\"2039\">Evaziune fiscal\u0103 sau optimizare? Studiu de caz<\/em><\/p>\n<\/li>\n<li data-start=\"2042\" data-end=\"2141\">\n<p data-start=\"2044\" data-end=\"2141\">16:45\u201317:00 Adrian Stan \u2013 <em data-start=\"2070\" data-end=\"2139\">Droguri \u0219i substan\u021be psihoactive \u00een malaxorul dezleg\u0103rilor de drept<\/em><\/p>\n<\/li>\n<li data-start=\"2142\" data-end=\"2310\">\n<p data-start=\"2144\" data-end=\"2310\">17:00\u201317:15 Oana Dumitrescu\u2011Lup \u2013 <em data-start=\"2178\" data-end=\"2271\">No\u021biunea de \u201eactivitate ilegal\u0103\u201d \u00een jurispruden\u021ba CJUE \u0219i \u00een practica instan\u021belor na\u021bionale<\/em>. <span class=\"\" data-state=\"closed\"><span class=\"ms-1 inline-flex max-w-full items-center relative top-[-0.094rem] animate-[show_150ms_ease-in]\" data-testid=\"webpage-citation-pill\"><a class=\"flex h-4.5 overflow-hidden rounded-xl px-2 text-[9px] font-medium transition-colors duration-150 ease-in-out text-token-text-secondary! bg-[#F4F4F4]! dark:bg-[#303030]!\" href=\"https:\/\/evenimente.juridice.ro\/58510\/conferinta-nationala-privind-controversele-din-domeniul-dreptului-penal.html\" target=\"_blank\" rel=\"noopener\"><span class=\"relative start-0 bottom-0 flex h-full w-full items-center\"><span class=\"flex h-4 w-full items-center justify-between overflow-hidden\"><span class=\"max-w-[15ch] grow truncate overflow-hidden text-center\">Evenimente<\/span><\/span><\/span><\/a><\/span><\/span><\/p>\n<\/li>\n<\/ul>\n<p data-start=\"2312\" data-end=\"2373\"><strong data-start=\"2312\" data-end=\"2322\">Pauz\u0103:<\/strong> 17:15\u201317:30.<\/p>\n<p data-start=\"2375\" data-end=\"2442\"><strong data-start=\"2375\" data-end=\"2390\">PANELUL III<\/strong> \u2013 Moderator: Av. lect. univ. dr. <strong data-start=\"2424\" data-end=\"2440\">George Zlati<\/strong><\/p>\n<ul data-start=\"2443\" data-end=\"2926\">\n<li data-start=\"2443\" data-end=\"2563\">\n<p data-start=\"2445\" data-end=\"2563\">17:30\u201317:45 Teodor Manea\u2011S\u0103b\u0103u \u2013 <em data-start=\"2478\" data-end=\"2561\">Propuneri de lege ferenda \u00een materie penal\u0103 \u2013 lupta codului cu realitatea social\u0103<\/em><\/p>\n<\/li>\n<li data-start=\"2564\" data-end=\"2671\">\n<p data-start=\"2566\" data-end=\"2671\">17:45\u201318:00 George Zlati \u2013 <em data-start=\"2595\" data-end=\"2667\">Opera\u021biunea Marte: prevenirea \u0219i combaterea criminalit\u0103\u021bii informatice<\/em><\/p>\n<\/li>\n<li data-start=\"2672\" data-end=\"2774\">\n<p data-start=\"2674\" data-end=\"2774\">18:00\u201318:15 Dorel Herinean \u2013 <em data-start=\"2703\" data-end=\"2772\">Grupuri (infrac\u021bionale organizate) de societ\u0103\u021bi. Condi\u021bii \u0219i limite<\/em><\/p>\n<\/li>\n<li data-start=\"2775\" data-end=\"2926\">\n<p data-start=\"2777\" data-end=\"2926\">18:15\u201318:30 Andrei Iugan \u2013 <em data-start=\"2804\" data-end=\"2885\">Aspecte de drept comparat privind principiul loialit\u0103\u021bii administr\u0103rii probelor<\/em>.<\/p>\n<\/li>\n<\/ul>\n<p data-start=\"2928\" data-end=\"3143\"><strong data-start=\"2928\" data-end=\"2952\">Consiliul \u0219tiin\u021bific<\/strong>: Oana Bugnar\u2011Coldea, Dorel Herinean, Ovidiu Predescu, Teodor Manea\u2011S\u0103b\u0103u, Adrian Stan, Andra\u2011Roxana Trandafir, Mihail Udroiu, George Zlati.<\/p>\n<p data-start=\"2928\" data-end=\"3143\"><img decoding=\"async\" src=\"https:\/\/scontent.fclj2-1.fna.fbcdn.net\/v\/t39.30808-6\/586898374_10235236922936794_6821893547382220763_n.jpg?_nc_cat=105&amp;cb2=99be929b-bd9a46d7&amp;ccb=1-7&amp;_nc_sid=127cfc&amp;_nc_ohc=FKEqIpnfwdIQ7kNvwGf910N&amp;_nc_oc=Adn-ecz-vopj6Xt6-hYLbHVtZ3mYdCPmbMfhVOs0stQmqUFiSl8pg2b-UcSFH9qcK4Q&amp;_nc_zt=23&amp;_nc_ht=scontent.fclj2-1.fna&amp;_nc_gid=p58CAhKDGhOgF159MkJe9A&amp;oh=00_AfmL5e3AGTTsgP5UbjKhRx8aEOAZaErkm2TMJi4AdB449Q&amp;oe=6957049C\" alt=\"May be an image of text that says 'ZIC CHIPERL IONESC AA\u041b CHIPERI LEXURE 1918 918 DEVALMAILAJA JAT Opera\u021biunea Marte: prevenirea \u0219i combaterea criminalit\u0103\u021bii informatice Conferin\u021b\u0103 Lexure Juridice, Online, 26.11.2025 Comferitileue\/uti 26.1 Avocat lect. univ. dr. George M.R. Zlati J'\" \/><\/p>","protected":false},"excerpt":{"rendered":"<p>Pe 26 noiembrie 2025, \u00eentre orele 15:00\u201319:00, George Zlati particip\u0103 la conferin\u021ba organizat\u0103 de JURIDICE.ro, \u00een parteneriat cu Lexure Legal Hub. George modereaz\u0103 Panelul III \u0219i sus\u021bine interven\u021bia \u201eOpera\u021biunea Marte: prevenirea \u0219i combaterea criminalit\u0103\u021bii informatice\u201d. Evenimentul este transmis LIVE online pe canalele JURIDICE (site, Facebook, YouTube, LinkedIn). Program &amp; ceilal\u021bi speakeri (conform  [&#8230;]<\/p>","protected":false},"author":8,"featured_media":3950,"comment_status":"closed","ping_status":"closed","sticky":false,"template":"","format":"standard","meta":{"_acf_changed":false,"_jetpack_memberships_contains_paid_content":false,"footnotes":""},"categories":[2,51],"tags":[112,28,118,113,114,117,116,115],"class_list":["post-4077","post","type-post","status-publish","format-standard","has-post-thumbnail","hentry","category-diverse","category-noutati","tag-conferinta-drept-penal","tag-criminalitate-informatica","tag-george-zlati-moderator","tag-juridice-conferinta","tag-lexure-legal-hub","tag-operatiunea-marte","tag-program-conferinta-penal","tag-speakers-penal"],"acf":[],"yoast_head":"<!-- This site is optimized with the Yoast SEO plugin v26.8 - https:\/\/yoast.com\/product\/yoast-seo-wordpress\/ -->\n<title>George Zlati este speaker \u0219i moderator la Conferin\u021ba na\u021bional\u0103 privind controversele din domeniul dreptului penal | ZIC Legal<\/title>\n<meta name=\"description\" content=\"George Zlati vorbe\u0219te la \u201eConferin\u021ba na\u021bional\u0103 privind controversele din domeniul dreptului penal\u201d \u0219i modereaz\u0103 Panelul III.\" \/>\n<meta name=\"robots\" content=\"index, follow, max-snippet:-1, max-image-preview:large, max-video-preview:-1\" \/>\n<link rel=\"canonical\" href=\"https:\/\/zic.legal\/ro\/george-zlati-este-speaker-si-moderator-la-conferinta-nationala-privind-controversele-din-domeniul-dreptului-penal\/\" \/>\n<meta property=\"og:locale\" content=\"ro_RO\" \/>\n<meta property=\"og:type\" content=\"article\" \/>\n<meta property=\"og:title\" content=\"George Zlati este speaker \u0219i moderator la Conferin\u021ba na\u021bional\u0103 privind controversele din domeniul dreptului penal | ZIC Legal\" \/>\n<meta property=\"og:description\" content=\"George Zlati vorbe\u0219te la \u201eConferin\u021ba na\u021bional\u0103 privind controversele din domeniul dreptului penal\u201d \u0219i modereaz\u0103 Panelul III.\" \/>\n<meta property=\"og:url\" content=\"https:\/\/zic.legal\/ro\/george-zlati-este-speaker-si-moderator-la-conferinta-nationala-privind-controversele-din-domeniul-dreptului-penal\/\" \/>\n<meta property=\"og:site_name\" content=\"ZIC Legal\" \/>\n<meta property=\"article:publisher\" content=\"https:\/\/www.facebook.com\/profile.php?id=61573624655319\" \/>\n<meta property=\"article:published_time\" content=\"2025-11-26T14:49:34+00:00\" \/>\n<meta property=\"article:modified_time\" content=\"2025-12-28T14:55:35+00:00\" \/>\n<meta property=\"og:image\" content=\"https:\/\/zic.legal\/wp-content\/uploads\/2025\/03\/conference4.webp\" \/>\n\t<meta property=\"og:image:width\" content=\"1536\" \/>\n\t<meta property=\"og:image:height\" content=\"1024\" \/>\n\t<meta property=\"og:image:type\" content=\"image\/webp\" \/>\n<meta name=\"author\" content=\"George Zlati\" \/>\n<meta name=\"twitter:card\" content=\"summary_large_image\" \/>\n<meta name=\"twitter:label1\" content=\"Scris de\" \/>\n\t<meta name=\"twitter:data1\" content=\"George Zlati\" \/>\n\t<meta name=\"twitter:label2\" content=\"Timp estimat pentru citire\" \/>\n\t<meta name=\"twitter:data2\" content=\"1 minut\" \/>\n<script type=\"application\/ld+json\" class=\"yoast-schema-graph\">{\"@context\":\"https:\/\/schema.org\",\"@graph\":[{\"@type\":\"Article\",\"@id\":\"https:\/\/zic.legal\/george-zlati-este-speaker-si-moderator-la-conferinta-nationala-privind-controversele-din-domeniul-dreptului-penal\/#article\",\"isPartOf\":{\"@id\":\"https:\/\/zic.legal\/george-zlati-este-speaker-si-moderator-la-conferinta-nationala-privind-controversele-din-domeniul-dreptului-penal\/\"},\"author\":{\"name\":\"George Zlati\",\"@id\":\"https:\/\/zic.legal\/#\/schema\/person\/aae0a83a43928bb0743a63e0a3343e65\"},\"headline\":\"George Zlati este speaker \u0219i moderator la Conferin\u021ba na\u021bional\u0103 privind controversele din domeniul dreptului penal\",\"datePublished\":\"2025-11-26T14:49:34+00:00\",\"dateModified\":\"2025-12-28T14:55:35+00:00\",\"mainEntityOfPage\":{\"@id\":\"https:\/\/zic.legal\/george-zlati-este-speaker-si-moderator-la-conferinta-nationala-privind-controversele-din-domeniul-dreptului-penal\/\"},\"wordCount\":288,\"publisher\":{\"@id\":\"https:\/\/zic.legal\/#organization\"},\"image\":{\"@id\":\"https:\/\/zic.legal\/george-zlati-este-speaker-si-moderator-la-conferinta-nationala-privind-controversele-din-domeniul-dreptului-penal\/#primaryimage\"},\"thumbnailUrl\":\"https:\/\/zic.legal\/wp-content\/uploads\/2025\/03\/conference4.webp\",\"keywords\":[\"conferin\u021b\u0103 drept penal\",\"criminalitate informatica\",\"George Zlati moderator\",\"JURIDICE conferin\u021b\u0103\",\"Lexure Legal Hub\",\"Opera\u021biunea Marte\",\"program conferin\u021b\u0103 penal\",\"speakers penal\"],\"articleSection\":[\"Diverse\",\"Nout\u0103\u021bi\"],\"inLanguage\":\"ro-RO\"},{\"@type\":\"WebPage\",\"@id\":\"https:\/\/zic.legal\/george-zlati-este-speaker-si-moderator-la-conferinta-nationala-privind-controversele-din-domeniul-dreptului-penal\/\",\"url\":\"https:\/\/zic.legal\/george-zlati-este-speaker-si-moderator-la-conferinta-nationala-privind-controversele-din-domeniul-dreptului-penal\/\",\"name\":\"George Zlati este speaker \u0219i moderator la Conferin\u021ba na\u021bional\u0103 privind controversele din domeniul dreptului penal | ZIC Legal\",\"isPartOf\":{\"@id\":\"https:\/\/zic.legal\/#website\"},\"primaryImageOfPage\":{\"@id\":\"https:\/\/zic.legal\/george-zlati-este-speaker-si-moderator-la-conferinta-nationala-privind-controversele-din-domeniul-dreptului-penal\/#primaryimage\"},\"image\":{\"@id\":\"https:\/\/zic.legal\/george-zlati-este-speaker-si-moderator-la-conferinta-nationala-privind-controversele-din-domeniul-dreptului-penal\/#primaryimage\"},\"thumbnailUrl\":\"https:\/\/zic.legal\/wp-content\/uploads\/2025\/03\/conference4.webp\",\"datePublished\":\"2025-11-26T14:49:34+00:00\",\"dateModified\":\"2025-12-28T14:55:35+00:00\",\"description\":\"George Zlati vorbe\u0219te la \u201eConferin\u021ba na\u021bional\u0103 privind controversele din domeniul dreptului penal\u201d \u0219i modereaz\u0103 Panelul III.\",\"breadcrumb\":{\"@id\":\"https:\/\/zic.legal\/george-zlati-este-speaker-si-moderator-la-conferinta-nationala-privind-controversele-din-domeniul-dreptului-penal\/#breadcrumb\"},\"inLanguage\":\"ro-RO\",\"potentialAction\":[{\"@type\":\"ReadAction\",\"target\":[\"https:\/\/zic.legal\/george-zlati-este-speaker-si-moderator-la-conferinta-nationala-privind-controversele-din-domeniul-dreptului-penal\/\"]}]},{\"@type\":\"ImageObject\",\"inLanguage\":\"ro-RO\",\"@id\":\"https:\/\/zic.legal\/george-zlati-este-speaker-si-moderator-la-conferinta-nationala-privind-controversele-din-domeniul-dreptului-penal\/#primaryimage\",\"url\":\"https:\/\/zic.legal\/wp-content\/uploads\/2025\/03\/conference4.webp\",\"contentUrl\":\"https:\/\/zic.legal\/wp-content\/uploads\/2025\/03\/conference4.webp\",\"width\":1536,\"height\":1024},{\"@type\":\"BreadcrumbList\",\"@id\":\"https:\/\/zic.legal\/george-zlati-este-speaker-si-moderator-la-conferinta-nationala-privind-controversele-din-domeniul-dreptului-penal\/#breadcrumb\",\"itemListElement\":[{\"@type\":\"ListItem\",\"position\":1,\"name\":\"Home\",\"item\":\"https:\/\/zic.legal\/\"},{\"@type\":\"ListItem\",\"position\":2,\"name\":\"George Zlati este speaker \u0219i moderator la Conferin\u021ba na\u021bional\u0103 privind controversele din domeniul dreptului penal\"}]},{\"@type\":\"WebSite\",\"@id\":\"https:\/\/zic.legal\/#website\",\"url\":\"https:\/\/zic.legal\/\",\"name\":\"Zlati Ionescu Chiperi SCA\",\"description\":\"Not another brick in the law\",\"publisher\":{\"@id\":\"https:\/\/zic.legal\/#organization\"},\"alternateName\":\"Zlati Ionescu Chiperi - SCA\",\"potentialAction\":[{\"@type\":\"SearchAction\",\"target\":{\"@type\":\"EntryPoint\",\"urlTemplate\":\"https:\/\/zic.legal\/?s={search_term_string}\"},\"query-input\":{\"@type\":\"PropertyValueSpecification\",\"valueRequired\":true,\"valueName\":\"search_term_string\"}}],\"inLanguage\":\"ro-RO\"},{\"@type\":\"Organization\",\"@id\":\"https:\/\/zic.legal\/#organization\",\"name\":\"Zlati Ionescu Chiperi SCA\",\"url\":\"https:\/\/zic.legal\/\",\"logo\":{\"@type\":\"ImageObject\",\"inLanguage\":\"ro-RO\",\"@id\":\"https:\/\/zic.legal\/#\/schema\/logo\/image\/\",\"url\":\"https:\/\/zic.legal\/wp-content\/uploads\/2025\/02\/Logo-Color-RGB@0.5x.png\",\"contentUrl\":\"https:\/\/zic.legal\/wp-content\/uploads\/2025\/02\/Logo-Color-RGB@0.5x.png\",\"width\":306,\"height\":306,\"caption\":\"Zlati Ionescu Chiperi SCA\"},\"image\":{\"@id\":\"https:\/\/zic.legal\/#\/schema\/logo\/image\/\"},\"sameAs\":[\"https:\/\/www.facebook.com\/profile.php?id=61573624655319\",\"https:\/\/www.linkedin.com\/company\/zic-legal\/\"]},{\"@type\":\"Person\",\"@id\":\"https:\/\/zic.legal\/#\/schema\/person\/aae0a83a43928bb0743a63e0a3343e65\",\"name\":\"George Zlati\",\"url\":\"https:\/\/zic.legal\/ro\/author\/george-zlatizic-legal\/\"}]}<\/script>\n<!-- \/ Yoast SEO plugin. -->","yoast_head_json":{"title":"George Zlati este speaker \u0219i moderator la Conferin\u021ba na\u021bional\u0103 privind controversele din domeniul dreptului penal | ZIC Legal","description":"George Zlati vorbe\u0219te la \u201eConferin\u021ba na\u021bional\u0103 privind controversele din domeniul dreptului penal\u201d \u0219i modereaz\u0103 Panelul III.","robots":{"index":"index","follow":"follow","max-snippet":"max-snippet:-1","max-image-preview":"max-image-preview:large","max-video-preview":"max-video-preview:-1"},"canonical":"https:\/\/zic.legal\/ro\/george-zlati-este-speaker-si-moderator-la-conferinta-nationala-privind-controversele-din-domeniul-dreptului-penal\/","og_locale":"ro_RO","og_type":"article","og_title":"George Zlati este speaker \u0219i moderator la Conferin\u021ba na\u021bional\u0103 privind controversele din domeniul dreptului penal | ZIC Legal","og_description":"George Zlati vorbe\u0219te la \u201eConferin\u021ba na\u021bional\u0103 privind controversele din domeniul dreptului penal\u201d \u0219i modereaz\u0103 Panelul III.","og_url":"https:\/\/zic.legal\/ro\/george-zlati-este-speaker-si-moderator-la-conferinta-nationala-privind-controversele-din-domeniul-dreptului-penal\/","og_site_name":"ZIC Legal","article_publisher":"https:\/\/www.facebook.com\/profile.php?id=61573624655319","article_published_time":"2025-11-26T14:49:34+00:00","article_modified_time":"2025-12-28T14:55:35+00:00","og_image":[{"width":1536,"height":1024,"url":"https:\/\/zic.legal\/wp-content\/uploads\/2025\/03\/conference4.webp","type":"image\/webp"}],"author":"George Zlati","twitter_card":"summary_large_image","twitter_misc":{"Scris de":"George Zlati","Timp estimat pentru citire":"1 minut"},"schema":{"@context":"https:\/\/schema.org","@graph":[{"@type":"Article","@id":"https:\/\/zic.legal\/george-zlati-este-speaker-si-moderator-la-conferinta-nationala-privind-controversele-din-domeniul-dreptului-penal\/#article","isPartOf":{"@id":"https:\/\/zic.legal\/george-zlati-este-speaker-si-moderator-la-conferinta-nationala-privind-controversele-din-domeniul-dreptului-penal\/"},"author":{"name":"George Zlati","@id":"https:\/\/zic.legal\/#\/schema\/person\/aae0a83a43928bb0743a63e0a3343e65"},"headline":"George Zlati este speaker \u0219i moderator la Conferin\u021ba na\u021bional\u0103 privind controversele din domeniul dreptului penal","datePublished":"2025-11-26T14:49:34+00:00","dateModified":"2025-12-28T14:55:35+00:00","mainEntityOfPage":{"@id":"https:\/\/zic.legal\/george-zlati-este-speaker-si-moderator-la-conferinta-nationala-privind-controversele-din-domeniul-dreptului-penal\/"},"wordCount":288,"publisher":{"@id":"https:\/\/zic.legal\/#organization"},"image":{"@id":"https:\/\/zic.legal\/george-zlati-este-speaker-si-moderator-la-conferinta-nationala-privind-controversele-din-domeniul-dreptului-penal\/#primaryimage"},"thumbnailUrl":"https:\/\/zic.legal\/wp-content\/uploads\/2025\/03\/conference4.webp","keywords":["conferin\u021b\u0103 drept penal","criminalitate informatica","George Zlati moderator","JURIDICE conferin\u021b\u0103","Lexure Legal Hub","Opera\u021biunea Marte","program conferin\u021b\u0103 penal","speakers penal"],"articleSection":["Diverse","Nout\u0103\u021bi"],"inLanguage":"ro-RO"},{"@type":"WebPage","@id":"https:\/\/zic.legal\/george-zlati-este-speaker-si-moderator-la-conferinta-nationala-privind-controversele-din-domeniul-dreptului-penal\/","url":"https:\/\/zic.legal\/george-zlati-este-speaker-si-moderator-la-conferinta-nationala-privind-controversele-din-domeniul-dreptului-penal\/","name":"George Zlati este speaker \u0219i moderator la Conferin\u021ba na\u021bional\u0103 privind controversele din domeniul dreptului penal | ZIC Legal","isPartOf":{"@id":"https:\/\/zic.legal\/#website"},"primaryImageOfPage":{"@id":"https:\/\/zic.legal\/george-zlati-este-speaker-si-moderator-la-conferinta-nationala-privind-controversele-din-domeniul-dreptului-penal\/#primaryimage"},"image":{"@id":"https:\/\/zic.legal\/george-zlati-este-speaker-si-moderator-la-conferinta-nationala-privind-controversele-din-domeniul-dreptului-penal\/#primaryimage"},"thumbnailUrl":"https:\/\/zic.legal\/wp-content\/uploads\/2025\/03\/conference4.webp","datePublished":"2025-11-26T14:49:34+00:00","dateModified":"2025-12-28T14:55:35+00:00","description":"George Zlati vorbe\u0219te la \u201eConferin\u021ba na\u021bional\u0103 privind controversele din domeniul dreptului penal\u201d \u0219i modereaz\u0103 Panelul III.","breadcrumb":{"@id":"https:\/\/zic.legal\/george-zlati-este-speaker-si-moderator-la-conferinta-nationala-privind-controversele-din-domeniul-dreptului-penal\/#breadcrumb"},"inLanguage":"ro-RO","potentialAction":[{"@type":"ReadAction","target":["https:\/\/zic.legal\/george-zlati-este-speaker-si-moderator-la-conferinta-nationala-privind-controversele-din-domeniul-dreptului-penal\/"]}]},{"@type":"ImageObject","inLanguage":"ro-RO","@id":"https:\/\/zic.legal\/george-zlati-este-speaker-si-moderator-la-conferinta-nationala-privind-controversele-din-domeniul-dreptului-penal\/#primaryimage","url":"https:\/\/zic.legal\/wp-content\/uploads\/2025\/03\/conference4.webp","contentUrl":"https:\/\/zic.legal\/wp-content\/uploads\/2025\/03\/conference4.webp","width":1536,"height":1024},{"@type":"BreadcrumbList","@id":"https:\/\/zic.legal\/george-zlati-este-speaker-si-moderator-la-conferinta-nationala-privind-controversele-din-domeniul-dreptului-penal\/#breadcrumb","itemListElement":[{"@type":"ListItem","position":1,"name":"Home","item":"https:\/\/zic.legal\/"},{"@type":"ListItem","position":2,"name":"George Zlati este speaker \u0219i moderator la Conferin\u021ba na\u021bional\u0103 privind controversele din domeniul dreptului penal"}]},{"@type":"WebSite","@id":"https:\/\/zic.legal\/#website","url":"https:\/\/zic.legal\/","name":"Zlati Ionescu Chiperi SCA","description":"Not another brick in the law","publisher":{"@id":"https:\/\/zic.legal\/#organization"},"alternateName":"Zlati Ionescu Chiperi - SCA","potentialAction":[{"@type":"SearchAction","target":{"@type":"EntryPoint","urlTemplate":"https:\/\/zic.legal\/?s={search_term_string}"},"query-input":{"@type":"PropertyValueSpecification","valueRequired":true,"valueName":"search_term_string"}}],"inLanguage":"ro-RO"},{"@type":"Organization","@id":"https:\/\/zic.legal\/#organization","name":"Zlati Ionescu Chiperi SCA","url":"https:\/\/zic.legal\/","logo":{"@type":"ImageObject","inLanguage":"ro-RO","@id":"https:\/\/zic.legal\/#\/schema\/logo\/image\/","url":"https:\/\/zic.legal\/wp-content\/uploads\/2025\/02\/Logo-Color-RGB@0.5x.png","contentUrl":"https:\/\/zic.legal\/wp-content\/uploads\/2025\/02\/Logo-Color-RGB@0.5x.png","width":306,"height":306,"caption":"Zlati Ionescu Chiperi SCA"},"image":{"@id":"https:\/\/zic.legal\/#\/schema\/logo\/image\/"},"sameAs":["https:\/\/www.facebook.com\/profile.php?id=61573624655319","https:\/\/www.linkedin.com\/company\/zic-legal\/"]},{"@type":"Person","@id":"https:\/\/zic.legal\/#\/schema\/person\/aae0a83a43928bb0743a63e0a3343e65","name":"George Zlati","url":"https:\/\/zic.legal\/ro\/author\/george-zlatizic-legal\/"}]}},"jetpack_featured_media_url":"https:\/\/zic.legal\/wp-content\/uploads\/2025\/03\/conference4.webp","jetpack_sharing_enabled":true,"_links":{"self":[{"href":"https:\/\/zic.legal\/ro\/wp-json\/wp\/v2\/posts\/4077","targetHints":{"allow":["GET"]}}],"collection":[{"href":"https:\/\/zic.legal\/ro\/wp-json\/wp\/v2\/posts"}],"about":[{"href":"https:\/\/zic.legal\/ro\/wp-json\/wp\/v2\/types\/post"}],"author":[{"embeddable":true,"href":"https:\/\/zic.legal\/ro\/wp-json\/wp\/v2\/users\/8"}],"replies":[{"embeddable":true,"href":"https:\/\/zic.legal\/ro\/wp-json\/wp\/v2\/comments?post=4077"}],"version-history":[{"count":2,"href":"https:\/\/zic.legal\/ro\/wp-json\/wp\/v2\/posts\/4077\/revisions"}],"predecessor-version":[{"id":4079,"href":"https:\/\/zic.legal\/ro\/wp-json\/wp\/v2\/posts\/4077\/revisions\/4079"}],"wp:featuredmedia":[{"embeddable":true,"href":"https:\/\/zic.legal\/ro\/wp-json\/wp\/v2\/media\/3950"}],"wp:attachment":[{"href":"https:\/\/zic.legal\/ro\/wp-json\/wp\/v2\/media?parent=4077"}],"wp:term":[{"taxonomy":"category","embeddable":true,"href":"https:\/\/zic.legal\/ro\/wp-json\/wp\/v2\/categories?post=4077"},{"taxonomy":"post_tag","embeddable":true,"href":"https:\/\/zic.legal\/ro\/wp-json\/wp\/v2\/tags?post=4077"}],"curies":[{"name":"wp","href":"https:\/\/api.w.org\/{rel}","templated":true}]}}